{"id":4696,"date":"2025-11-17T15:46:04","date_gmt":"2025-11-17T14:46:04","guid":{"rendered":"https:\/\/sauma.bio\/?p=4696"},"modified":"2025-11-17T15:46:42","modified_gmt":"2025-11-17T14:46:42","slug":"savon-lait-anesse-bebe-bienfaits","status":"publish","type":"post","link":"https:\/\/sauma.bio\/savon-lait-anesse-bebe-bienfaits\/","title":{"rendered":"Le meilleur du savon au lait d&rsquo;\u00e2nesse pour la peau sensible de b\u00e9b\u00e9"},"content":{"rendered":"<p><strong>En bref<\/strong><\/p>\n<ul>\n<li>Le savon au lait d&rsquo;\u00e2nesse offre une solution douce et naturelle pour la toilette des b\u00e9b\u00e9s \u00e0 la peau fragile.<\/li>\n<li>Sa formule enrichie en vitamines, acides gras et antioxydants hydrate, nourrit et prot\u00e8ge d\u00e9licatement l\u2019\u00e9piderme.<\/li>\n<li>L\u2019absence d\u2019ingr\u00e9dients agressifs et la saponification \u00e0 froid garantissent une tol\u00e9rance optimale, m\u00eame sur peau sensible.<\/li>\n<li>Disponible en version solide ou liquide, parfois sans parfum, il existe de nombreuses options bios et \u00e9thiques.<\/li>\n<li>La vigilance quant au choix du savon est essentielle pour pr\u00e9venir r\u00e9actions et irritations, tout en favorisant la douceur au quotidien.<\/li>\n<\/ul>\n<p>Choisir le <strong>meilleur savon pour la peau d\u00e9licate de b\u00e9b\u00e9<\/strong> est une priorit\u00e9 pour les parents exigeants et inform\u00e9s. D\u00e8s les premiers jours de vie, l\u2019enjeu consiste \u00e0 pr\u00e9server la barri\u00e8re naturelle de l\u2019\u00e9piderme, encore immature et vuln\u00e9rable. Le <a target=\"_blank\" href=\"https:\/\/sauma.bio\/savon-lait-anesse\/\" rel=\"noopener\"><strong>savon au lait d&rsquo;\u00e2nesse<\/strong><\/a> s\u2019impose comme une r\u00e9ponse naturelle et rassurante, en alliant douceur, efficacit\u00e9 et une tol\u00e9rance id\u00e9ale pour les peaux les plus sensibles. Face \u00e0 la multitude de produits d\u2019hygi\u00e8ne propos\u00e9s, la vigilance s\u2019impose : ingr\u00e9dients, processus de fabrication, \u00e9thique de marque et respect des besoins sp\u00e9cifiques des tout-petits. Parents, praticiens et laboratoires red\u00e9couvrent les myst\u00e8res des recettes ancestrales en s\u2019appuyant sur les avanc\u00e9es de la dermatologie moderne. D\u2019un usage quotidien \u00e0 la gestion de probl\u00e9matiques comme l\u2019ecz\u00e9ma, l\u2019adoption d\u2019un savon naturel, bio et s\u00fbr contribue \u00e0 instaurer un rituel apaisant et protecteur pour chaque enfant, tout en cultivant une approche responsable de la cosm\u00e9tique infantile.<\/p>\n<h2>Savon au lait d&rsquo;\u00e2nesse pour b\u00e9b\u00e9 : soin naturel pour la peau fragile<\/h2>\n<h3>Pourquoi choisir un savon au lait d&rsquo;\u00e2nesse pour la peau d\u00e9licate des b\u00e9b\u00e9s ?<\/h3>\n<p>La peau des nouveau-n\u00e9s pr\u00e9sente une structure encore incompl\u00e8te, avec un film hydrolipidique peu d\u00e9velopp\u00e9, la rendant particuli\u00e8rement perm\u00e9able et vuln\u00e9rable. Un soin mal adapt\u00e9 peut compromettre ce fragile \u00e9quilibre, entra\u00eenant s\u00e9cheresse, rougeurs ou inconfort. Le <strong>lait d&rsquo;\u00e2nesse<\/strong> s\u2019est illustr\u00e9 depuis l\u2019Antiquit\u00e9, de Cl\u00e9op\u00e2tre aux princesses byzantines, comme un ingr\u00e9dient pr\u00e9cieux pour la toilette. Sa composition proche du lait maternel en fait un alli\u00e9 incontournable pour la toilette et la protection des b\u00e9b\u00e9s.<\/p>\n<p>Faire le choix d\u2019un <strong>savon au lait d\u2019\u00e2nesse<\/strong>, c\u2019est privil\u00e9gier une hygi\u00e8ne tout en respect, sans perturber le pH ni la microflore cutan\u00e9e. Il s\u2019adresse tout particuli\u00e8rement aux familles cherchant une alternative naturelle, respectueuse et efficace, pour le bain quotidien ou le visage. Cette exigence de douceur et d\u2019innocuit\u00e9 devient le fil rouge de l\u2019exp\u00e9rience parentale.<\/p>\n<ul>\n<li>Respecte la fragilit\u00e9 cutan\u00e9e d\u00e8s la naissance<\/li>\n<li>Convient aux peaux sujettes aux r\u00e9actions<\/li>\n<li>Formule adapt\u00e9e \u00e0 l\u2019hygi\u00e8ne quotidienne<\/li>\n<\/ul>\n<p><strong>Adopter ce r\u00e9flexe, c\u2019est poser un geste s\u00fbr chaque jour pour la qualit\u00e9 de vie de votre enfant.<\/strong><\/p>\n<h3>Les bienfaits hydratants et protecteurs du lait d&rsquo;\u00e2nesse pour b\u00e9b\u00e9<\/h3>\n<p>Le <a target=\"_blank\" href=\"https:\/\/sauma.bio\/lait-anesse\/\" rel=\"noopener\"><strong>lait d&rsquo;\u00e2nesse<\/strong><\/a> regorge d\u2019actifs pr\u00e9cieux, \u00e0 l\u2019image des vitamines A, D, et E, d\u2019acides gras essentiels et d\u2019antioxydants naturels. Ces \u00e9l\u00e9ments nourrissent intens\u00e9ment l\u2019\u00e9piderme, favorisent la r\u00e9paration cellulaire et participent au maintien de l\u2019\u00e9lasticit\u00e9.<\/p>\n<p>Sa richesse en nutriments contribue \u00e0 restaurer le film hydrolipidique, barri\u00e8re protectrice emp\u00eachant la d\u00e9shydratation et l\u2019infiltration des agents ext\u00e9rieurs. Certains parents relatent une nette diminution des rougeurs et des tiraillements apr\u00e8s quelques utilisations seulement. La douceur cr\u00e9meuse de la mousse facilite le rin\u00e7age tout en d\u00e9posant un voile protecteur, ce qui permet \u00e0 la peau de rester souple plus longtemps. Les b\u00e9b\u00e9s sujets \u00e0 l\u2019ecz\u00e9ma peuvent ainsi b\u00e9n\u00e9ficier d\u2019un soin apaisant, sans compromettre la pr\u00e9vention des irritations.<\/p>\n<table>\n<tbody>\n<tr>\n<th>Action<\/th>\n<th>Effet sur la peau de b\u00e9b\u00e9<\/th>\n<th>B\u00e9n\u00e9fices sp\u00e9cifiques<\/th>\n<\/tr>\n<tr>\n<td>Hydratation<\/td>\n<td>Renforce le film hydrolipidique<\/td>\n<td>Pr\u00e9vient la s\u00e9cheresse, apaise irritations<\/td>\n<\/tr>\n<tr>\n<td>Protection<\/td>\n<td>Barri\u00e8re contre agressions ext\u00e9rieures<\/td>\n<td>Id\u00e9al pour peaux r\u00e9actives<\/td>\n<\/tr>\n<tr>\n<td>Nutrition<\/td>\n<td>Apport en vitamines et acides gras<\/td>\n<td>Favorise souplesse et \u00e9clat<\/td>\n<\/tr>\n<tr>\n<td>Effet calmant<\/td>\n<td>R\u00e9duit rougeurs<\/td>\n<td>Confort quotidien<\/td>\n<\/tr>\n<\/tbody>\n<\/table>\n<h3>Crit\u00e8res essentiels pour s\u00e9lectionner un savon b\u00e9b\u00e9 au lait d\u2019\u00e2nesse naturel et s\u00fbr<\/h3>\n<p>Le choix d\u2019un <strong>savon pour nourrisson<\/strong> ne laisse aucune place \u00e0 l\u2019approximation. Privil\u00e9gier un produit d\u2019origine naturelle, sans parab\u00e8nes, sulfates ni colorants, garantit la plus grande s\u00e9curit\u00e9 d\u2019utilisation. Les formules douces sont enrichies d\u2019huiles v\u00e9g\u00e9tales, comme l\u2019amande douce ou la coco, apportant un suppl\u00e9ment de confort et d\u2019apaisement. Sauma, marque r\u00e9f\u00e9rente dans ce domaine, propose des produits certifi\u00e9s et test\u00e9s sous contr\u00f4le dermatologique, afin de minimiser tout risque d\u2019allergie.<\/p>\n<ul>\n<li>Liste d\u2019ingr\u00e9dients courte et limpide<\/li>\n<li>Absence de conservateurs chimiques<\/li>\n<li>Pr\u00e9sence d\u2019actifs naturels compl\u00e9mentaires<\/li>\n<\/ul>\n<p>L\u2019exigence va jusqu\u2019\u00e0 recommander la formulation <strong>sans parfum<\/strong> ni huiles essentielles, pour s\u2019adapter \u00e0 la sensibilit\u00e9 accrue des tout-petits. Cette vigilance constitue la meilleure pr\u00e9vention contre ecz\u00e9ma, d\u00e9mangeaisons ou r\u00e9actions inattendues.<\/p>\n<table>\n<tbody>\n<tr>\n<th>Crit\u00e8re<\/th>\n<th>Importance<\/th>\n<th>Exemple d\u2019ingr\u00e9dients adapt\u00e9s<\/th>\n<\/tr>\n<tr>\n<td>Naturalit\u00e9<\/td>\n<td>\u00c9vite toxicit\u00e9s et irritations<\/td>\n<td>Lait d\u2019\u00e2nesse, huile d\u2019olive<\/td>\n<\/tr>\n<tr>\n<td>Douceur<\/td>\n<td>Respect de la peau fine<\/td>\n<td>Huile de coco, amande douce<\/td>\n<\/tr>\n<tr>\n<td>Transparence<\/td>\n<td>Compr\u00e9hension parentale<\/td>\n<td>Liste d\u2019ingr\u00e9dients mince<\/td>\n<\/tr>\n<\/tbody>\n<\/table>\n<p><strong>Une attention extr\u00eame port\u00e9e \u00e0 la composition gage la tranquillit\u00e9 d\u2019esprit des parents et le confort du b\u00e9b\u00e9.<\/strong><\/p>\n<h3>L\u2019importance de la saponification \u00e0 froid et l\u2019exclusion des allerg\u00e8nes pour b\u00e9b\u00e9<\/h3>\n<p>La <strong>saponification \u00e0 froid<\/strong> s\u00e9duit par les qualit\u00e9s qu\u2019elle conf\u00e8re au savon fini. Ce proc\u00e9d\u00e9 artisanal, respectueux de la nature des ingr\u00e9dients, assure la pr\u00e9servation des vitamines et des acides gras essentiels. Il exclut \u00e9galement la formation de substances agressives, laissant les surgras intacts pour renforcer le film protecteur.<\/p>\n<p>Pour les nourrissons, cette m\u00e9thode limite au maximum le risque de dess\u00e8chement et maintient un niveau d\u2019hydratation id\u00e9al. Exclure les allerg\u00e8nes \u2014 parfums, huiles essentielles, additifs chimiques \u2014 devient alors une priorit\u00e9. Certains laboratoires, en 2025, imposent m\u00eame une double certification bio et hypoallerg\u00e9nique avant toute commercialisation aupr\u00e8s du jeune public.<\/p>\n<ul>\n<li>Pr\u00e9servation totale des propri\u00e9t\u00e9s du lait d\u2019\u00e2nesse<\/li>\n<li>Moins d\u2019irritations et d\u2019allergies<\/li>\n<\/ul>\n<p>Ce parti-pris de fabrication illustre l\u2019engagement \u00e9thique et pratique, gage d\u2019une confiance renouvel\u00e9e entre marque et famille.<\/p>\n<h3>Formats de savon au lait d\u2019\u00e2nesse pour b\u00e9b\u00e9 : solide vs liquide et leurs avantages<\/h3>\n<p>Le march\u00e9 propose d\u00e9sormais deux grands formats adapt\u00e9s aux usages familiaux : <strong>solide<\/strong> et <strong>liquide<\/strong>. Le <u>savon solide<\/u>, souvent compact et \u00e9conomique, s\u00e9duit par son aspect nomade et sa capacit\u00e9 \u00e0 durer plus longtemps. Il s\u2019emporte sans risque dans tous les d\u00e9placements, de la cr\u00e8che \u00e0 la valise de maternit\u00e9.<\/p>\n<p>Le <u>savon liquide<\/u>, quant \u00e0 lui, offre une exp\u00e9rience plus sensorielle : la mousse est fine, g\u00e9n\u00e9r\u00e9e en douceur au contact de l\u2019eau, id\u00e9ale pour les massages d\u00e9licats. Certaines marques, soucieuses d\u2019\u00e9cologie, d\u00e9clinent les deux formats en version bio et proposent des \u00e9co-recharges. En plus de la praticit\u00e9, ce choix favorise la r\u00e9duction des d\u00e9chets, un geste porteur de sens pour les familles engag\u00e9es.<\/p>\n<table>\n<tbody>\n<tr>\n<th>Format<\/th>\n<th>Atouts principaux<\/th>\n<th>Situation id\u00e9ale<\/th>\n<\/tr>\n<tr>\n<td>Solide<\/td>\n<td>\u00c9conomique, facile \u00e0 transporter<\/td>\n<td>D\u00e9placements, voyages, \u00e9co-gestes<\/td>\n<\/tr>\n<tr>\n<td>Liquide<\/td>\n<td>Douceur, mousse onctueuse<\/td>\n<td>Bain quotidien, massages, usage partag\u00e9<\/td>\n<\/tr>\n<tr>\n<td>\u00c9co-recharge<\/td>\n<td>R\u00e9duction des d\u00e9chets, \u00e9conomies<\/td>\n<td>Besoins familiaux r\u00e9currents<\/td>\n<\/tr>\n<\/tbody>\n<\/table>\n<ul>\n<li>Choisissez selon vos habitudes et mode de vie<\/li>\n<li>Privil\u00e9giez les formats \u00e9thiques : label bio, cruelty free, z\u00e9ro d\u00e9chet<\/li>\n<\/ul>\n<p>Le choix du format, au-del\u00e0 des pr\u00e9f\u00e9rences, refl\u00e8te aussi une volont\u00e9 d\u2019agir pour la plan\u00e8te d\u00e8s le plus jeune \u00e2ge.<\/p>\n<h3>Propri\u00e9t\u00e9s hypoallerg\u00e9niques et vertus th\u00e9rapeutiques du savon lait d\u2019\u00e2nesse bio<\/h3>\n<p>Un <strong>savon au lait d\u2019\u00e2nesse bio<\/strong> r\u00e9pond \u00e0 de hautes exigences : il nettoie sans dess\u00e9cher, nourrit sans laisser de film gras, et prot\u00e8ge tout en respectant l\u2019\u00e9quilibre naturel. Sa formulation hypoallerg\u00e9nique, valid\u00e9e par des tests rigoureux, s\u2019adresse aussi bien aux peaux sensibles qu\u2019aux probl\u00e9matiques dermatologiques, telles que l\u2019ecz\u00e9ma, la dermatite atopique ou le psoriasis b\u00e9b\u00e9.<\/p>\n<p>De nombreux dermatologues pr\u00e9conisent ce type de savon, notamment pour ses effets adoucissants et sa capacit\u00e9 \u00e0 apporter un soulagement rapide face aux d\u00e9mangeaisons. Les familles qui ont opt\u00e9 pour ce choix t\u00e9moignent souvent d\u2019une nette am\u00e9lioration du confort cutan\u00e9, pour des nuits plus paisibles et un bien-\u00eatre renouvel\u00e9. Ce soin quotidien pr\u00e9serve la souplesse et l\u2019\u00e9clat naturel, tout en pr\u00e9venant l\u2019apparition des petites imperfections fr\u00e9quentes chez le nourrisson.<\/p>\n<ul>\n<li>Nettoyage en douceur, sans agresser<\/li>\n<li>R\u00e9duit les irritations chroniques<\/li>\n<li>Favorable \u00e0 un usage r\u00e9gulier d\u00e8s la naissance<\/li>\n<\/ul>\n<p><strong>C\u2019est la garantie d\u2019un rituel de soin efficace, doux et en phase avec la sensibilit\u00e9 de chaque enfant.<\/strong><\/p>\n<h3>Associations d\u2019ingr\u00e9dients naturels et conseils pour choisir parfums et conditionnements adapt\u00e9s<\/h3>\n<p>Pour sublimer les effets du <strong>lait d\u2019\u00e2nesse<\/strong>, certains savonniers associent des huiles v\u00e9g\u00e9tales reconnues pour leurs atouts : olive, coco, calendula. L\u2019huile d\u2019olive, par exemple, approfondit l\u2019action nourrissante et forme une synergie id\u00e9ale avec le lait d\u2019\u00e2nesse. Pour autant, les experts recommandent de rester prudents \u00e0 l\u2019\u00e9gard des ingr\u00e9dients parfum\u00e9s ou color\u00e9s. Un savon <strong>sans parfum<\/strong>, \u00e0 la texture douce, reste le choix le plus s\u00fbr pour limiter toute r\u00e9action impr\u00e9vue.<\/p>\n<p>Le march\u00e9 offre aujourd\u2019hui une gamme vari\u00e9e de conditionnements adapt\u00e9s \u00e0 toutes les envies : flacons pompe, \u00e9tuis recyclables, savons \u00e0 la d\u00e9coupe ou lots familiaux. Cette diversit\u00e9 permet de r\u00e9pondre \u00e0 chaque situation, du bain c\u00e2lin \u00e0 la toilette rapide, tout en garantissant praticit\u00e9 et s\u00e9curit\u00e9.<\/p>\n<ul>\n<li>Associer huiles naturelles et lait d\u2019\u00e2nesse pour une protection maximale<\/li>\n<li>S\u00e9lectionner le bon format et poids selon les usages<\/li>\n<li>Privil\u00e9gier des recettes simples, reconnues par des labels stricts<\/li>\n<\/ul>\n<table>\n<tbody>\n<tr>\n<th>Ingr\u00e9dient associ\u00e9<\/th>\n<th>Vertus ajout\u00e9es<\/th>\n<th>Parfum\/Texture<\/th>\n<\/tr>\n<tr>\n<td>Huile d\u2019olive<\/td>\n<td>Nourrissante, protectrice<\/td>\n<td>Texture cr\u00e9meuse<\/td>\n<\/tr>\n<tr>\n<td>Huile de coco<\/td>\n<td>Adoucissante<\/td>\n<td>Mousse velout\u00e9e<\/td>\n<\/tr>\n<tr>\n<td>Aloe vera<\/td>\n<td>Calmante, cicatrisante<\/td>\n<td>Fra\u00eecheur l\u00e9g\u00e8re<\/td>\n<\/tr>\n<\/tbody>\n<\/table>\n<p><strong>Privil\u00e9giez toujours la simplicit\u00e9 des formulations, pour que chaque lavage soit un moment de tendresse, sans compromis sur la s\u00e9curit\u00e9.<\/strong><\/p>\n","protected":false},"excerpt":{"rendered":"<p>En bref Le savon au lait d&rsquo;\u00e2nesse offre une solution douce et naturelle pour la toilette des b\u00e9b\u00e9s \u00e0 la peau fragile. Sa formule enrichie en vitamines, acides gras et antioxydants hydrate, nourrit et prot\u00e8ge d\u00e9licatement l\u2019\u00e9piderme. L\u2019absence d\u2019ingr\u00e9dients agressifs et la saponification \u00e0 froid garantissent une tol\u00e9rance optimale, m\u00eame [&hellip;]<\/p>\n","protected":false},"author":47,"featured_media":4697,"comment_status":"closed","ping_status":"open","sticky":false,"template":"","format":"standard","meta":{"_acf_changed":false,"_jetpack_memberships_contains_paid_content":false,"footnotes":""},"categories":[1],"tags":[],"class_list":["post-4696","post","type-post","status-publish","format-standard","has-post-thumbnail","hentry","category-par-defaut"],"acf":[],"aioseo_notices":[],"jetpack_featured_media_url":"https:\/\/sauma.bio\/wp-content\/uploads\/2025\/11\/savon-lait-anesse-bebe.jpg","aioseo_head":"\n\t\t<!-- All in One SEO Pro 4.9.6.2 - aioseo.com -->\n\t<meta name=\"description\" content=\"D\u00e9couvrez le meilleur savon au lait d&#039;\u00e2nesse, id\u00e9al pour la peau sensible de b\u00e9b\u00e9. Doux, naturel et hydratant pour une protection optimale.\" \/>\n\t<meta name=\"robots\" content=\"max-snippet:-1, max-image-preview:large, max-video-preview:-1\" \/>\n\t<meta name=\"author\" content=\"emilie\"\/>\n\t<meta name=\"google-site-verification\" content=\"xPku4beK6WDWi9rkdFoifomWtYPA0UBVsrA4muNTjZM\" \/>\n\t<link rel=\"canonical\" href=\"https:\/\/sauma.bio\/savon-lait-anesse-bebe-bienfaits\/\" \/>\n\t<meta name=\"generator\" content=\"All in One SEO Pro (AIOSEO) 4.9.6.2\" \/>\n\n\t\t<!-- Global site tag (gtag.js) - Google Analytics -->\n<script async src=\"https:\/\/www.googletagmanager.com\/gtag\/js?id=G-095NGNVWLJ\"><\/script>\n<script>\n window.dataLayer = window.dataLayer || [];\n function gtag(){dataLayer.push(arguments);}\n gtag('js', new Date());\n\n gtag('config', 'G-095NGNVWLJ');\n<\/script>\n\t\t<meta property=\"og:locale\" content=\"fr_FR\" \/>\n\t\t<meta property=\"og:site_name\" content=\"NOWA\" \/>\n\t\t<meta property=\"og:type\" content=\"article\" \/>\n\t\t<meta property=\"og:title\" content=\"Savon au lait d&#039;\u00e2nesse : Douceur id\u00e9ale pour b\u00e9b\u00e9 sensible\" \/>\n\t\t<meta property=\"og:description\" content=\"D\u00e9couvrez le meilleur savon au lait d&#039;\u00e2nesse, id\u00e9al pour la peau sensible de b\u00e9b\u00e9. Doux, naturel et hydratant pour une protection optimale.\" \/>\n\t\t<meta property=\"og:url\" content=\"https:\/\/sauma.bio\/savon-lait-anesse-bebe-bienfaits\/\" \/>\n\t\t<meta property=\"og:image\" content=\"https:\/\/sauma.bio\/wp-content\/uploads\/2025\/11\/savon-lait-anesse-bebe.jpg\" \/>\n\t\t<meta property=\"og:image:secure_url\" content=\"https:\/\/sauma.bio\/wp-content\/uploads\/2025\/11\/savon-lait-anesse-bebe.jpg\" \/>\n\t\t<meta property=\"og:image:width\" content=\"500\" \/>\n\t\t<meta property=\"og:image:height\" content=\"300\" \/>\n\t\t<meta property=\"article:published_time\" content=\"2025-11-17T14:46:04+00:00\" \/>\n\t\t<meta property=\"article:modified_time\" content=\"2025-11-17T14:46:42+00:00\" \/>\n\t\t<meta property=\"article:publisher\" content=\"https:\/\/www.facebook.com\/asineriedelescun#\" \/>\n\t\t<meta name=\"twitter:card\" content=\"summary\" \/>\n\t\t<meta name=\"twitter:title\" content=\"Savon au lait d&#039;\u00e2nesse : Douceur id\u00e9ale pour b\u00e9b\u00e9 sensible\" \/>\n\t\t<meta name=\"twitter:description\" content=\"D\u00e9couvrez le meilleur savon au lait d&#039;\u00e2nesse, id\u00e9al pour la peau sensible de b\u00e9b\u00e9. Doux, naturel et hydratant pour une protection optimale.\" \/>\n\t\t<meta name=\"twitter:image\" content=\"https:\/\/sauma.bio\/wp-content\/uploads\/2025\/11\/savon-lait-anesse-bebe.jpg\" \/>\n\t\t<script type=\"application\/ld+json\" class=\"aioseo-schema\">\n\t\t\t{\"@context\":\"https:\\\/\\\/schema.org\",\"@graph\":[{\"@type\":\"Article\",\"@id\":\"https:\\\/\\\/sauma.bio\\\/savon-lait-anesse-bebe-bienfaits\\\/#article\",\"name\":\"Savon au lait d'\\u00e2nesse : Douceur id\\u00e9ale pour b\\u00e9b\\u00e9 sensible\",\"headline\":\"Le meilleur du savon au lait d&rsquo;\\u00e2nesse pour la peau sensible de b\\u00e9b\\u00e9\",\"author\":{\"@id\":\"https:\\\/\\\/sauma.bio\\\/author\\\/emilie\\\/#author\"},\"publisher\":{\"@id\":\"https:\\\/\\\/sauma.bio\\\/#organization\"},\"image\":{\"@type\":\"ImageObject\",\"url\":\"https:\\\/\\\/sauma.bio\\\/wp-content\\\/uploads\\\/2025\\\/11\\\/savon-lait-anesse-bebe.jpg\",\"width\":500,\"height\":300},\"datePublished\":\"2025-11-17T15:46:04+01:00\",\"dateModified\":\"2025-11-17T15:46:42+01:00\",\"inLanguage\":\"fr-FR\",\"mainEntityOfPage\":{\"@id\":\"https:\\\/\\\/sauma.bio\\\/savon-lait-anesse-bebe-bienfaits\\\/#webpage\"},\"isPartOf\":{\"@id\":\"https:\\\/\\\/sauma.bio\\\/savon-lait-anesse-bebe-bienfaits\\\/#webpage\"},\"articleSection\":\"Par d\\u00e9faut\"},{\"@type\":\"BreadcrumbList\",\"@id\":\"https:\\\/\\\/sauma.bio\\\/savon-lait-anesse-bebe-bienfaits\\\/#breadcrumblist\",\"itemListElement\":[{\"@type\":\"ListItem\",\"@id\":\"https:\\\/\\\/sauma.bio#listItem\",\"position\":1,\"name\":\"Home\",\"item\":\"https:\\\/\\\/sauma.bio\",\"nextItem\":{\"@type\":\"ListItem\",\"@id\":\"https:\\\/\\\/sauma.bio\\\/category\\\/par-defaut\\\/#listItem\",\"name\":\"Par d\\u00e9faut\"}},{\"@type\":\"ListItem\",\"@id\":\"https:\\\/\\\/sauma.bio\\\/category\\\/par-defaut\\\/#listItem\",\"position\":2,\"name\":\"Par d\\u00e9faut\",\"item\":\"https:\\\/\\\/sauma.bio\\\/category\\\/par-defaut\\\/\",\"nextItem\":{\"@type\":\"ListItem\",\"@id\":\"https:\\\/\\\/sauma.bio\\\/savon-lait-anesse-bebe-bienfaits\\\/#listItem\",\"name\":\"Le meilleur du savon au lait d&rsquo;\\u00e2nesse pour la peau sensible de b\\u00e9b\\u00e9\"},\"previousItem\":{\"@type\":\"ListItem\",\"@id\":\"https:\\\/\\\/sauma.bio#listItem\",\"name\":\"Home\"}},{\"@type\":\"ListItem\",\"@id\":\"https:\\\/\\\/sauma.bio\\\/savon-lait-anesse-bebe-bienfaits\\\/#listItem\",\"position\":3,\"name\":\"Le meilleur du savon au lait d&rsquo;\\u00e2nesse pour la peau sensible de b\\u00e9b\\u00e9\",\"previousItem\":{\"@type\":\"ListItem\",\"@id\":\"https:\\\/\\\/sauma.bio\\\/category\\\/par-defaut\\\/#listItem\",\"name\":\"Par d\\u00e9faut\"}}]},{\"@type\":\"Organization\",\"@id\":\"https:\\\/\\\/sauma.bio\\\/#organization\",\"name\":\"Sauma Cosm\\u00e9tiques au lait d\\u2019\\u00e2nesse bio\",\"description\":\"Sauma est avant tout notre asinerie sans laquelle ce projet n\\u2019aurait pas pu voir le jour. Nous mettons un point d\\u2019honneur \\u00e0 vous proposer des produits de qualit\\u00e9, enti\\u00e8rement fabriqu\\u00e9s en France dans le Sud-Ouest par une savonni\\u00e8re qualifi\\u00e9e.\",\"url\":\"https:\\\/\\\/sauma.bio\\\/\",\"telephone\":\"+33785255438\",\"logo\":{\"@type\":\"ImageObject\",\"url\":\"https:\\\/\\\/sauma.bio\\\/wp-content\\\/uploads\\\/2020\\\/02\\\/logof.png\",\"@id\":\"https:\\\/\\\/sauma.bio\\\/savon-lait-anesse-bebe-bienfaits\\\/#organizationLogo\",\"width\":239,\"height\":131},\"image\":{\"@id\":\"https:\\\/\\\/sauma.bio\\\/savon-lait-anesse-bebe-bienfaits\\\/#organizationLogo\"},\"sameAs\":[\"https:\\\/\\\/www.instagram.com\\\/asinerie_lescun\\\/\"]},{\"@type\":\"Person\",\"@id\":\"https:\\\/\\\/sauma.bio\\\/author\\\/emilie\\\/#author\",\"url\":\"https:\\\/\\\/sauma.bio\\\/author\\\/emilie\\\/\",\"name\":\"emilie\",\"image\":{\"@type\":\"ImageObject\",\"url\":\"https:\\\/\\\/secure.gravatar.com\\\/avatar\\\/d5c1bc19272aeed40e182c63f7e3b654870a59d5fcafcb0a01a52bf2221c9bab?s=96&d=mm&r=g\"}},{\"@type\":\"WebPage\",\"@id\":\"https:\\\/\\\/sauma.bio\\\/savon-lait-anesse-bebe-bienfaits\\\/#webpage\",\"url\":\"https:\\\/\\\/sauma.bio\\\/savon-lait-anesse-bebe-bienfaits\\\/\",\"name\":\"Savon au lait d'\\u00e2nesse : Douceur id\\u00e9ale pour b\\u00e9b\\u00e9 sensible\",\"description\":\"D\\u00e9couvrez le meilleur savon au lait d'\\u00e2nesse, id\\u00e9al pour la peau sensible de b\\u00e9b\\u00e9. Doux, naturel et hydratant pour une protection optimale.\",\"inLanguage\":\"fr-FR\",\"isPartOf\":{\"@id\":\"https:\\\/\\\/sauma.bio\\\/#website\"},\"breadcrumb\":{\"@id\":\"https:\\\/\\\/sauma.bio\\\/savon-lait-anesse-bebe-bienfaits\\\/#breadcrumblist\"},\"author\":{\"@id\":\"https:\\\/\\\/sauma.bio\\\/author\\\/emilie\\\/#author\"},\"creator\":{\"@id\":\"https:\\\/\\\/sauma.bio\\\/author\\\/emilie\\\/#author\"},\"image\":{\"@type\":\"ImageObject\",\"url\":\"https:\\\/\\\/sauma.bio\\\/wp-content\\\/uploads\\\/2025\\\/11\\\/savon-lait-anesse-bebe.jpg\",\"@id\":\"https:\\\/\\\/sauma.bio\\\/savon-lait-anesse-bebe-bienfaits\\\/#mainImage\",\"width\":500,\"height\":300},\"primaryImageOfPage\":{\"@id\":\"https:\\\/\\\/sauma.bio\\\/savon-lait-anesse-bebe-bienfaits\\\/#mainImage\"},\"datePublished\":\"2025-11-17T15:46:04+01:00\",\"dateModified\":\"2025-11-17T15:46:42+01:00\"},{\"@type\":\"WebSite\",\"@id\":\"https:\\\/\\\/sauma.bio\\\/#website\",\"url\":\"https:\\\/\\\/sauma.bio\\\/\",\"name\":\"SAUMA BIO\",\"description\":\"SAUMA BIO\",\"inLanguage\":\"fr-FR\",\"publisher\":{\"@id\":\"https:\\\/\\\/sauma.bio\\\/#organization\"}}]}\n\t\t<\/script>\n\t\t<!-- All in One SEO Pro -->\r\n\t\t<title>Savon au lait d'\u00e2nesse : Douceur id\u00e9ale pour b\u00e9b\u00e9 sensible<\/title>\n\n","aioseo_head_json":{"title":"Savon au lait d'\u00e2nesse : Douceur id\u00e9ale pour b\u00e9b\u00e9 sensible","description":"D\u00e9couvrez le meilleur savon au lait d'\u00e2nesse, id\u00e9al pour la peau sensible de b\u00e9b\u00e9. Doux, naturel et hydratant pour une protection optimale.","canonical_url":"https:\/\/sauma.bio\/savon-lait-anesse-bebe-bienfaits\/","robots":"max-snippet:-1, max-image-preview:large, max-video-preview:-1","keywords":"","webmasterTools":{"google-site-verification":"xPku4beK6WDWi9rkdFoifomWtYPA0UBVsrA4muNTjZM","miscellaneous":"&lt;!-- Global site tag (gtag.js) - Google Analytics --&gt;\n&lt;script async src=\"https:\/\/www.googletagmanager.com\/gtag\/js?id=G-095NGNVWLJ\"&gt;&lt;\/script&gt;\n&lt;script&gt;\n window.dataLayer = window.dataLayer || [];\n function gtag(){dataLayer.push(arguments);}\n gtag('js', new Date());\n\n gtag('config', 'G-095NGNVWLJ');\n&lt;\/script&gt;"},"schema":{"@context":"https:\/\/schema.org","@graph":[{"@type":"Article","@id":"https:\/\/sauma.bio\/savon-lait-anesse-bebe-bienfaits\/#article","name":"Savon au lait d'\u00e2nesse : Douceur id\u00e9ale pour b\u00e9b\u00e9 sensible","headline":"Le meilleur du savon au lait d&rsquo;\u00e2nesse pour la peau sensible de b\u00e9b\u00e9","author":{"@id":"https:\/\/sauma.bio\/author\/emilie\/#author"},"publisher":{"@id":"https:\/\/sauma.bio\/#organization"},"image":{"@type":"ImageObject","url":"https:\/\/sauma.bio\/wp-content\/uploads\/2025\/11\/savon-lait-anesse-bebe.jpg","width":500,"height":300},"datePublished":"2025-11-17T15:46:04+01:00","dateModified":"2025-11-17T15:46:42+01:00","inLanguage":"fr-FR","mainEntityOfPage":{"@id":"https:\/\/sauma.bio\/savon-lait-anesse-bebe-bienfaits\/#webpage"},"isPartOf":{"@id":"https:\/\/sauma.bio\/savon-lait-anesse-bebe-bienfaits\/#webpage"},"articleSection":"Par d\u00e9faut"},{"@type":"BreadcrumbList","@id":"https:\/\/sauma.bio\/savon-lait-anesse-bebe-bienfaits\/#breadcrumblist","itemListElement":[{"@type":"ListItem","@id":"https:\/\/sauma.bio#listItem","position":1,"name":"Home","item":"https:\/\/sauma.bio","nextItem":{"@type":"ListItem","@id":"https:\/\/sauma.bio\/category\/par-defaut\/#listItem","name":"Par d\u00e9faut"}},{"@type":"ListItem","@id":"https:\/\/sauma.bio\/category\/par-defaut\/#listItem","position":2,"name":"Par d\u00e9faut","item":"https:\/\/sauma.bio\/category\/par-defaut\/","nextItem":{"@type":"ListItem","@id":"https:\/\/sauma.bio\/savon-lait-anesse-bebe-bienfaits\/#listItem","name":"Le meilleur du savon au lait d&rsquo;\u00e2nesse pour la peau sensible de b\u00e9b\u00e9"},"previousItem":{"@type":"ListItem","@id":"https:\/\/sauma.bio#listItem","name":"Home"}},{"@type":"ListItem","@id":"https:\/\/sauma.bio\/savon-lait-anesse-bebe-bienfaits\/#listItem","position":3,"name":"Le meilleur du savon au lait d&rsquo;\u00e2nesse pour la peau sensible de b\u00e9b\u00e9","previousItem":{"@type":"ListItem","@id":"https:\/\/sauma.bio\/category\/par-defaut\/#listItem","name":"Par d\u00e9faut"}}]},{"@type":"Organization","@id":"https:\/\/sauma.bio\/#organization","name":"Sauma Cosm\u00e9tiques au lait d\u2019\u00e2nesse bio","description":"Sauma est avant tout notre asinerie sans laquelle ce projet n\u2019aurait pas pu voir le jour. Nous mettons un point d\u2019honneur \u00e0 vous proposer des produits de qualit\u00e9, enti\u00e8rement fabriqu\u00e9s en France dans le Sud-Ouest par une savonni\u00e8re qualifi\u00e9e.","url":"https:\/\/sauma.bio\/","telephone":"+33785255438","logo":{"@type":"ImageObject","url":"https:\/\/sauma.bio\/wp-content\/uploads\/2020\/02\/logof.png","@id":"https:\/\/sauma.bio\/savon-lait-anesse-bebe-bienfaits\/#organizationLogo","width":239,"height":131},"image":{"@id":"https:\/\/sauma.bio\/savon-lait-anesse-bebe-bienfaits\/#organizationLogo"},"sameAs":["https:\/\/www.instagram.com\/asinerie_lescun\/"]},{"@type":"Person","@id":"https:\/\/sauma.bio\/author\/emilie\/#author","url":"https:\/\/sauma.bio\/author\/emilie\/","name":"emilie","image":{"@type":"ImageObject","url":"https:\/\/secure.gravatar.com\/avatar\/d5c1bc19272aeed40e182c63f7e3b654870a59d5fcafcb0a01a52bf2221c9bab?s=96&d=mm&r=g"}},{"@type":"WebPage","@id":"https:\/\/sauma.bio\/savon-lait-anesse-bebe-bienfaits\/#webpage","url":"https:\/\/sauma.bio\/savon-lait-anesse-bebe-bienfaits\/","name":"Savon au lait d'\u00e2nesse : Douceur id\u00e9ale pour b\u00e9b\u00e9 sensible","description":"D\u00e9couvrez le meilleur savon au lait d'\u00e2nesse, id\u00e9al pour la peau sensible de b\u00e9b\u00e9. Doux, naturel et hydratant pour une protection optimale.","inLanguage":"fr-FR","isPartOf":{"@id":"https:\/\/sauma.bio\/#website"},"breadcrumb":{"@id":"https:\/\/sauma.bio\/savon-lait-anesse-bebe-bienfaits\/#breadcrumblist"},"author":{"@id":"https:\/\/sauma.bio\/author\/emilie\/#author"},"creator":{"@id":"https:\/\/sauma.bio\/author\/emilie\/#author"},"image":{"@type":"ImageObject","url":"https:\/\/sauma.bio\/wp-content\/uploads\/2025\/11\/savon-lait-anesse-bebe.jpg","@id":"https:\/\/sauma.bio\/savon-lait-anesse-bebe-bienfaits\/#mainImage","width":500,"height":300},"primaryImageOfPage":{"@id":"https:\/\/sauma.bio\/savon-lait-anesse-bebe-bienfaits\/#mainImage"},"datePublished":"2025-11-17T15:46:04+01:00","dateModified":"2025-11-17T15:46:42+01:00"},{"@type":"WebSite","@id":"https:\/\/sauma.bio\/#website","url":"https:\/\/sauma.bio\/","name":"SAUMA BIO","description":"SAUMA BIO","inLanguage":"fr-FR","publisher":{"@id":"https:\/\/sauma.bio\/#organization"}}]},"og:locale":"fr_FR","og:site_name":"NOWA","og:type":"article","og:title":"Savon au lait d'\u00e2nesse : Douceur id\u00e9ale pour b\u00e9b\u00e9 sensible","og:description":"D\u00e9couvrez le meilleur savon au lait d'\u00e2nesse, id\u00e9al pour la peau sensible de b\u00e9b\u00e9. Doux, naturel et hydratant pour une protection optimale.","og:url":"https:\/\/sauma.bio\/savon-lait-anesse-bebe-bienfaits\/","og:image":"https:\/\/sauma.bio\/wp-content\/uploads\/2025\/11\/savon-lait-anesse-bebe.jpg","og:image:secure_url":"https:\/\/sauma.bio\/wp-content\/uploads\/2025\/11\/savon-lait-anesse-bebe.jpg","og:image:width":500,"og:image:height":300,"article:published_time":"2025-11-17T14:46:04+00:00","article:modified_time":"2025-11-17T14:46:42+00:00","article:publisher":"https:\/\/www.facebook.com\/asineriedelescun#","twitter:card":"summary","twitter:title":"Savon au lait d'\u00e2nesse : Douceur id\u00e9ale pour b\u00e9b\u00e9 sensible","twitter:description":"D\u00e9couvrez le meilleur savon au lait d'\u00e2nesse, id\u00e9al pour la peau sensible de b\u00e9b\u00e9. Doux, naturel et hydratant pour une protection optimale.","twitter:image":"https:\/\/sauma.bio\/wp-content\/uploads\/2025\/11\/savon-lait-anesse-bebe.jpg"},"aioseo_meta_data":{"post_id":"4696","title":"Savon au lait d'\u00e2nesse : Douceur id\u00e9ale pour b\u00e9b\u00e9 sensible","description":"D\u00e9couvrez le meilleur savon au lait d'\u00e2nesse, id\u00e9al pour la peau sensible de b\u00e9b\u00e9. Doux, naturel et hydratant pour une protection optimale.","keywords":null,"keyphrases":{"focus":{"keyphrase":"","score":0,"analysis":{"keyphraseInTitle":{"score":0,"maxScore":9,"error":1}}},"additional":[]},"primary_term":null,"canonical_url":null,"og_title":null,"og_description":null,"og_object_type":"default","og_image_type":"default","og_image_url":null,"og_image_width":null,"og_image_height":null,"og_image_custom_url":null,"og_image_custom_fields":null,"og_video":"","og_custom_url":null,"og_article_section":null,"og_article_tags":null,"twitter_use_og":false,"twitter_card":"default","twitter_image_type":"default","twitter_image_url":null,"twitter_image_custom_url":null,"twitter_image_custom_fields":null,"twitter_title":null,"twitter_description":null,"schema":{"blockGraphs":[],"customGraphs":[],"default":{"data":{"Article":[],"Course":[],"Dataset":[],"FAQPage":[],"Movie":[],"Person":[],"Product":[],"ProductReview":[],"Car":[],"Recipe":[],"Service":[],"SoftwareApplication":[],"WebPage":[]},"graphName":"Article","isEnabled":true},"graphs":[]},"schema_type":"default","schema_type_options":null,"pillar_content":false,"robots_default":true,"robots_noindex":false,"robots_noarchive":false,"robots_nosnippet":false,"robots_nofollow":false,"robots_noimageindex":false,"robots_noodp":false,"robots_notranslate":false,"robots_max_snippet":"-1","robots_max_videopreview":"-1","robots_max_imagepreview":"large","priority":null,"frequency":"default","location":null,"local_seo":null,"seo_analyzer_scan_date":"2025-11-17 14:47:17","breadcrumb_settings":null,"limit_modified_date":false,"reviewed_by":"0","open_ai":null,"ai":{"faqs":[],"keyPoints":[],"titles":[],"descriptions":[],"socialPosts":{"email":[],"linkedin":[],"twitter":[],"facebook":[],"instagram":[]}},"created":"2025-11-17 14:19:17","updated":"2025-11-17 14:50:15"},"aioseo_breadcrumb":"<div class=\"aioseo-breadcrumbs\"><span class=\"aioseo-breadcrumb\">\n\t<a href=\"https:\/\/sauma.bio\" title=\"Home\">Home<\/a>\n<\/span><span class=\"aioseo-breadcrumb-separator\">&raquo;<\/span><span class=\"aioseo-breadcrumb\">\n\t<a href=\"https:\/\/sauma.bio\/category\/par-defaut\/\" title=\"Par d\u00e9faut\">Par d\u00e9faut<\/a>\n<\/span><span class=\"aioseo-breadcrumb-separator\">&raquo;<\/span><span class=\"aioseo-breadcrumb\">\n\tLe meilleur du savon au lait d\u2019\u00e2nesse pour la peau sensible de b\u00e9b\u00e9\n<\/span><\/div>","aioseo_breadcrumb_json":[{"label":"Home","link":"https:\/\/sauma.bio"},{"label":"Par d\u00e9faut","link":"https:\/\/sauma.bio\/category\/par-defaut\/"},{"label":"Le meilleur du savon au lait d&rsquo;\u00e2nesse pour la peau sensible de b\u00e9b\u00e9","link":"https:\/\/sauma.bio\/savon-lait-anesse-bebe-bienfaits\/"}],"jetpack_sharing_enabled":true,"_links":{"self":[{"href":"https:\/\/sauma.bio\/nov-apijson\/wp\/v2\/posts\/4696","targetHints":{"allow":["GET"]}}],"collection":[{"href":"https:\/\/sauma.bio\/nov-apijson\/wp\/v2\/posts"}],"about":[{"href":"https:\/\/sauma.bio\/nov-apijson\/wp\/v2\/types\/post"}],"author":[{"embeddable":true,"href":"https:\/\/sauma.bio\/nov-apijson\/wp\/v2\/users\/47"}],"replies":[{"embeddable":true,"href":"https:\/\/sauma.bio\/nov-apijson\/wp\/v2\/comments?post=4696"}],"version-history":[{"count":1,"href":"https:\/\/sauma.bio\/nov-apijson\/wp\/v2\/posts\/4696\/revisions"}],"predecessor-version":[{"id":4698,"href":"https:\/\/sauma.bio\/nov-apijson\/wp\/v2\/posts\/4696\/revisions\/4698"}],"wp:featuredmedia":[{"embeddable":true,"href":"https:\/\/sauma.bio\/nov-apijson\/wp\/v2\/media\/4697"}],"wp:attachment":[{"href":"https:\/\/sauma.bio\/nov-apijson\/wp\/v2\/media?parent=4696"}],"wp:term":[{"taxonomy":"category","embeddable":true,"href":"https:\/\/sauma.bio\/nov-apijson\/wp\/v2\/categories?post=4696"},{"taxonomy":"post_tag","embeddable":true,"href":"https:\/\/sauma.bio\/nov-apijson\/wp\/v2\/tags?post=4696"}],"curies":[{"name":"wp","href":"https:\/\/api.w.org\/{rel}","templated":true}]}}