{"id":4693,"date":"2025-11-17T15:17:10","date_gmt":"2025-11-17T14:17:10","guid":{"rendered":"https:\/\/sauma.bio\/?p=4693"},"modified":"2025-11-17T15:17:55","modified_gmt":"2025-11-17T14:17:55","slug":"les-bienfaits-du-savon-au-lait-danesse-pour-la-peau","status":"publish","type":"post","link":"https:\/\/sauma.bio\/les-bienfaits-du-savon-au-lait-danesse-pour-la-peau\/","title":{"rendered":"Les multiples bienfaits du savon au lait d&rsquo;\u00e2nesse pour la peau"},"content":{"rendered":"<p><strong>En bref :<\/strong><\/p>\n<ul>\n<li>Un <strong>rituel de beaut\u00e9 ancestral<\/strong> : le savon au lait d\u2019\u00e2nesse est utilis\u00e9 en \u00c9gypte antique et reconnu pour sa douceur naturelle.<\/li>\n<li><strong>Nutrition cellulaire in\u00e9gal\u00e9e<\/strong> gr\u00e2ce \u00e0 un cocktail unique de <strong>vitamines<\/strong>, <strong>min\u00e9raux<\/strong> et <strong>antioxydants<\/strong>.<\/li>\n<li><strong>Bienfaits pour toutes les peaux<\/strong> : hydratation des peaux sensibles, apaisement de l\u2019ecz\u00e9ma, du psoriasis et de l\u2019acn\u00e9.<\/li>\n<li><strong>Fabrication artisanale \u00e0 froid<\/strong> pour pr\u00e9server l\u2019int\u00e9gralit\u00e9 des propri\u00e9t\u00e9s et privil\u00e9gier la qualit\u00e9 bio, sans additifs.<\/li>\n<li><strong>Choix responsable<\/strong> : \u00e9thique animale, soutien \u00e0 la biodiversit\u00e9, r\u00e9duction des d\u00e9chets et engagement \u00e9cologique.<\/li>\n<li>Guide pratique pour une utilisation optimale et pour s\u00e9lectionner un <strong><a target=\"_blank\" href=\"https:\/\/sauma.bio\/savon-lait-anesse\/\" rel=\"noopener\">savon au lait d&rsquo;\u00e2nesse<\/a><\/strong> authentique et efficace.<\/li>\n<\/ul>\n<p>Secret pr\u00e9serv\u00e9 depuis des mill\u00e9naires, le <strong>savon au lait d\u2019\u00e2nesse<\/strong> revient sur le devant de la sc\u00e8ne cosm\u00e9tique port\u00e9 par la qu\u00eate d\u2019authenticit\u00e9 et de respect de la <strong>peau<\/strong>. Au fil de l\u2019histoire, des rituels somptueux de l\u2019\u00c9gypte antique \u00e0 la salle de bain contemporaine, cette pr\u00e9cieuse substance est devenue le symbole d\u2019un <strong>soin naturel<\/strong> et raffin\u00e9. Aujourd\u2019hui, \u00e0 l\u2019\u00e8re du <strong>bio<\/strong> et de l\u2019artisanal, le lait d\u2019\u00e2nesse continue de s\u00e9duire, offrant une alliance rare de tradition et d\u2019efficacit\u00e9 prouv\u00e9e. Sa composition unique, v\u00e9ritable concentr\u00e9 de <strong>vitamines<\/strong>, de <strong>min\u00e9raux<\/strong> et d\u2019<strong>antioxydants<\/strong>, r\u00e9pare en douceur et prot\u00e8ge durablement tous les types de <strong>peaux<\/strong>, m\u00eame les plus sensibles ou fragiles. Au-del\u00e0 de ses vertus reconnues contre l\u2019<strong>ecz\u00e9ma<\/strong>, le <strong>psoriasis<\/strong> ou l\u2019<strong>acn\u00e9<\/strong>, le savon au lait d\u2019\u00e2nesse se distingue par sa mousse enveloppante et son parfum d\u00e9licat, transformant chaque nettoyage quotidien en un instant de confort pur.<\/p>\n<p>Align\u00e9 sur les valeurs de respect animal et d\u2019engagement pour la plan\u00e8te, plusieurs marques bio \u2013 notamment Sauma Bio \u2013 garantissent \u00e0 la fois authenticit\u00e9 et bien-\u00eatre, de la ferme \u00e0 la salle de bain. Produits selon des savoir-faire ancestraux, ces savons associent performance \u00e9cologique et d\u00e9marche minimaliste, pour une routine beaut\u00e9 durable, saine et sensorielle. Red\u00e9couvrir le<strong> <a target=\"_blank\" href=\"https:\/\/sauma.bio\/savon-lait-anesse\/\" rel=\"noopener\">savon au lait d&rsquo;\u00e2nesse<\/a> <\/strong>devient alors une \u00e9vidence pour qui cherche une alternative r\u00e9ellement naturelle et engag\u00e9e, loin des cosm\u00e9tiques industriels aseptis\u00e9s.<\/p>\n<h2>Histoire mill\u00e9naire et origine du savon au lait d\u2019\u00e2nesse<\/h2>\n<p>Le <strong>savon au lait d\u2019\u00e2nesse<\/strong> s\u2019inscrit dans une tradition ancestrale qui remonte \u00e0 la Haute Antiquit\u00e9. Les premi\u00e8res traces de son utilisation surgissent en \u00c9gypte, notamment parmi la noblesse et les figures mythiques telles que Cl\u00e9op\u00e2tre. Le lait d\u2019\u00e2nesse symbolisait alors le raffinement supr\u00eame, int\u00e9gr\u00e9 dans les bains et soins cutan\u00e9s des reines et princesses \u00e9gyptiennes. En ce temps, la beaut\u00e9 \u00e9tait d\u00e9j\u00e0 consid\u00e9r\u00e9e comme le reflet du bien-\u00eatre global et d\u2019une harmonie entre corps, esprit et nature.<\/p>\n<p>La transition vers la cosm\u00e9tique europ\u00e9enne intervient au cours du Moyen-\u00c2ge et de la Renaissance, o\u00f9 les familles royales et grandes dames s\u2019inspirent des rituels \u00e9gyptiens. Rare et pr\u00e9cieux, le lait d\u2019\u00e2nesse fait alors figure de luxe r\u00e9serv\u00e9 \u00e0 une \u00e9lite. Ce n\u2019est qu\u2019au XXIe si\u00e8cle, gr\u00e2ce au renouveau du <strong>naturel<\/strong> et aux d\u00e9couvertes sur sa richesse nutritive, que son usage se d\u00e9mocratise et devient accessible \u00e0 un public \u00e9largi, soucieux de produits sains et respectueux de leur <strong>peau<\/strong>.<\/p>\n<h3>Usage du savon au lait d\u2019\u00e2nesse dans l\u2019Antiquit\u00e9 \u00e9gyptienne<\/h3>\n<p>Cl\u00e9op\u00e2tre, c\u00e9l\u00e8bre pour son charisme et sa volont\u00e9 de pr\u00e9server la jeunesse de sa <strong>peau<\/strong>, popularise l\u2019utilisation du <strong>lait d\u2019\u00e2nesse<\/strong> dans les bains quotidiens. La reine aurait fait garder des troupeaux entiers d\u2019\u00e2nesses pour garantir une provision constante de ce lait rare, reconnu pour sa douceur et sa haute teneur en <strong>vitamines<\/strong> et <strong>min\u00e9raux<\/strong>.<\/p>\n<ul>\n<li>Le lait \u00e9tait appliqu\u00e9 en guise de masque ou m\u00e9lang\u00e9 \u00e0 des huiles pour un soin complet.<\/li>\n<li>Sa mousse d\u00e9licate et cr\u00e9meuse \u00e9tait r\u00e9put\u00e9e pour r\u00e9conforter la <strong>peau<\/strong> apr\u00e8s l\u2019exposition au soleil et au sable du d\u00e9sert.<\/li>\n<li>Des papyrus antiques mentionnent son usage dans les baumes r\u00e9parateurs et les savons.<\/li>\n<\/ul>\n<p>Ce rituel luxueux avait pour mission de pr\u00e9server la souplesse, la fermet\u00e9 et l\u2019\u00e9clat cutan\u00e9 dans un environnement difficile. Au-del\u00e0 de la l\u00e9gende, ce savoir traditionnel perdure dans l\u2019univers de la beaut\u00e9 contemporaine.<\/p>\n<h3>\u00c9volution du savon au lait d\u2019\u00e2nesse jusqu\u2019\u00e0 la cosm\u00e9tique moderne<\/h3>\n<p>Si jadis le <strong>savon au lait d\u2019\u00e2nesse<\/strong> \u00e9tait r\u00e9serv\u00e9 \u00e0 une \u00e9lite, il a progressivement conquis une place privil\u00e9gi\u00e9e dans la cosm\u00e9tique europ\u00e9enne puis mondiale. Au XIXe si\u00e8cle, certains apothicaires fran\u00e7ais commencent \u00e0 s\u2019int\u00e9resser \u00e0 son potentiel dermatologique et \u00e0 l\u2019incorporer dans des soins sp\u00e9cialis\u00e9s, synonyme de prestige et d\u2019attention \u00e0 la sant\u00e9 de la <strong>peau<\/strong>.<\/p>\n<p>Le d\u00e9veloppement de la science cutan\u00e9e au XXe si\u00e8cle permet de mettre en lumi\u00e8re la composition exceptionnelle du lait d\u2019\u00e2nesse : il n\u2019est plus seulement associ\u00e9 \u00e0 la tradition, mais s\u2019impose comme un atout fiable pour les <strong>peaux sensibles<\/strong>, exigeantes ou soumises \u00e0 des agressions ext\u00e9rieures. Aujourd\u2019hui, des marques pionni\u00e8res \u2013 telles que les <strong><a target=\"_blank\" href=\"https:\/\/sauma.bio\/cosmetiques-lait-anesse\/\" rel=\"noopener\">cosm\u00e9tiques au lait d&rsquo;\u00e2nesse<\/a> <\/strong>Sauma \u2013 ont contribu\u00e9 \u00e0 revivifier ce patrimoine en proposant des formulations <strong>bio<\/strong> et engag\u00e9es, adapt\u00e9es \u00e0 une client\u00e8le en recherche de bienveillance et de r\u00e9sultats naturels.<\/p>\n<table>\n<tbody>\n<tr>\n<th>\u00c9poque<\/th>\n<th>Usage du lait d\u2019\u00e2nesse<\/th>\n<th>B\u00e9n\u00e9ficiaires<\/th>\n<th>Atouts recherch\u00e9s<\/th>\n<\/tr>\n<tr>\n<td>Antiquit\u00e9 \u00e9gyptienne<\/td>\n<td>Bains, masques, \u00e9lixirs<\/td>\n<td>Cl\u00e9op\u00e2tre, noblesse, pr\u00eatresses<\/td>\n<td>\u00c9clat, jeunesse, confort<\/td>\n<\/tr>\n<tr>\n<td>Moyen-\u00c2ge\/Renaissance<\/td>\n<td>Savons rares, baumes nobles<\/td>\n<td>Nobles, aristocratie europ\u00e9enne<\/td>\n<td>Soin de luxe, douceur<\/td>\n<\/tr>\n<tr>\n<td>XXIe si\u00e8cle<\/td>\n<td>Savons <strong>bio<\/strong>, soins doux, cosm\u00e9tiques naturels<\/td>\n<td>Tous publics<\/td>\n<td>Hydratation, apaisement, respect cutan\u00e9<\/td>\n<\/tr>\n<\/tbody>\n<\/table>\n<h2>Composition naturelle du savon au lait d\u2019\u00e2nesse et ses nutriments essentiels<\/h2>\n<p>Aujourd\u2019hui, le <strong>savon au lait d\u2019\u00e2nesse<\/strong> s\u2019impose par sa composition unique, synonyme de respect et de r\u00e9g\u00e9n\u00e9ration pour la <strong>peau<\/strong>. Riche d\u2019un complexe naturel, il associe plusieurs familles d\u2019<strong>actifs essentiels<\/strong>, indispensables \u00e0 la vitalit\u00e9 cutan\u00e9e. L\u2019\u00e9quilibre minutieux entre <strong>vitamines<\/strong>, <strong>min\u00e9raux<\/strong>, acides gras et <strong>antioxydants<\/strong> conf\u00e8re \u00e0 ce soin une efficacit\u00e9 rare, id\u00e9ale pour les routines de beaut\u00e9 minimalistes et exigeantes.<\/p>\n<ul>\n<li>Aux c\u00f4t\u00e9s des <strong>vitamines<\/strong>, les acides gras nourrissent sans effet gras.<\/li>\n<li>Les <strong>antioxydants<\/strong> prot\u00e8gent face aux agressions ext\u00e9rieures.<\/li>\n<li>La saponification \u00e0 froid pr\u00e9serve les <strong>propri\u00e9t\u00e9s<\/strong> de chaque ingr\u00e9dient.<\/li>\n<\/ul>\n<h3>R\u00f4le des vitamines A, B, C, D et E pour la peau<\/h3>\n<p>L\u2019efficacit\u00e9 du <strong>savon au lait d\u2019\u00e2nesse<\/strong> repose sur l\u2019abondance de <strong>vitamines<\/strong> exclusivement naturelles. Chacune joue un r\u00f4le d\u00e9terminant :<\/p>\n<ul>\n<li>La <strong>vitamine A<\/strong> stimule la r\u00e9g\u00e9n\u00e9ration cellulaire et redonne de l\u2019\u00e9clat.<\/li>\n<li>Les <strong>vitamines B<\/strong> participent \u00e0 l\u2019hydratation et au maintien de la barri\u00e8re cutan\u00e9e.<\/li>\n<li>La <strong>vitamine C<\/strong> prot\u00e8ge et illumine le teint en combattant le stress oxydatif.<\/li>\n<li>La <strong>vitamine D<\/strong> favorise la r\u00e9paration des tissus, particuli\u00e8rement pour les <strong>peaux sensibles<\/strong>.<\/li>\n<li>La <strong>vitamine E<\/strong> agit comme un puissant bouclier <strong>antioxydant<\/strong>, repoussant les radicaux libres et participant \u00e0 la jeunesse de la <strong>peau<\/strong>.<\/li>\n<\/ul>\n<p>Cette richesse en nutriments naturels fait du savon au lait d\u2019\u00e2nesse un alli\u00e9 universel, aussi efficace pour les besoins quotidiens que pour r\u00e9pondre aux d\u00e9fis sp\u00e9cifiques comme les rougeurs, l\u2019inconfort ou la perte de tonus.<\/p>\n<h3>Les min\u00e9raux et acides gras nourrissants sans effet gras<\/h3>\n<p>Le lait d\u2019\u00e2nesse est \u00e9galement reconnu pour sa teneur en <strong>min\u00e9raux<\/strong> : calcium, magn\u00e9sium, phosphore, zinc\u2026 Ces \u00e9l\u00e9ments renforcent la structure cutan\u00e9e, facilitent la r\u00e9tention de l\u2019hydratation et apaisent toute forme d\u2019inflammation. Le savon s\u2019enrichit par ailleurs d\u2019acides gras insatur\u00e9s essentiels, permettant de nourrir intens\u00e9ment sans laisser de film gras ni obstruer les pores.<\/p>\n<table>\n<tbody>\n<tr>\n<th>Nutriment<\/th>\n<th>Propri\u00e9t\u00e9 principale<\/th>\n<th>Int\u00e9r\u00eat pour la peau<\/th>\n<\/tr>\n<tr>\n<td>Min\u00e9raux<\/td>\n<td>Renforcement cellulaire<\/td>\n<td>R\u00e9pare et am\u00e9liore la fonction barri\u00e8re<\/td>\n<\/tr>\n<tr>\n<td>Acides gras<\/td>\n<td>Nourriture en profondeur<\/td>\n<td>Hydrate sans sensation grasse<\/td>\n<\/tr>\n<tr>\n<td>Vitamines<\/td>\n<td>Stimulation et protection<\/td>\n<td>Favorise \u00e9clat et renouvellement<\/td>\n<\/tr>\n<\/tbody>\n<\/table>\n<p>Ce subtil \u00e9quilibre \u00e9vite toute sensation de lourdeur ou d\u2019\u00e9touffement, m\u00eame apr\u00e8s un nettoyage r\u00e9p\u00e9t\u00e9 ou sur les \u00e9pidermes d\u00e9licats.<\/p>\n<h3>Puissance des antioxydants naturels dans la protection cutan\u00e9e<\/h3>\n<p>La pr\u00e9sence d\u2019<strong>antioxydants<\/strong> naturels fait du <strong>savon au lait d\u2019\u00e2nesse<\/strong> un garde-fou face au vieillissement pr\u00e9matur\u00e9 et aux agressions de l\u2019environnement. Ceux-ci luttent efficacement contre les radicaux libres responsables d\u2019oxydation, rides, perte de fermet\u00e9 ou ternissement du teint. Utilis\u00e9 au quotidien, ce savon pr\u00e9serve la fra\u00eecheur, soutient la d\u00e9tente cutan\u00e9e et prolonge la vitalit\u00e9 de la <strong>peau<\/strong> m\u00eame soumise \u00e0 la pollution ou aux \u00e9carts climatiques.<\/p>\n<p>Ce pouvoir protecteur est renforc\u00e9 quand le savon est issu d\u2019une production <strong>bio<\/strong> et <strong>artisanale<\/strong>, excluant les additifs chimiques qui pourraient alt\u00e9rer l\u2019action des principes actifs.<\/p>\n<h3>Importance de la fabrication artisanale \u00e0 froid pour conserver les bienfaits<\/h3>\n<p>La saponification \u00e0 froid s\u2019impose comme gage absolu de respect de la nature des ingr\u00e9dients. Ce proc\u00e9d\u00e9 <strong>artisanale<\/strong> utilis\u00e9 chez Sauma Bio consiste \u00e0 ne pas chauffer le lait d\u2019\u00e2nesse ou les huiles au-del\u00e0 de 40\u00b0C, pr\u00e9servant ainsi l\u2019int\u00e9gralit\u00e9 des <strong>propri\u00e9t\u00e9s<\/strong> : vitamines, min\u00e9raux, acides gras et enzymes restent intacts. L\u2019absence de cuisson assure une synergie maximale entre les actifs naturels et garantit l\u2019innocuit\u00e9 du produit fini pour toutes les <strong>peaux<\/strong>, m\u00eame fragiles.<\/p>\n<h2>Bienfaits dermatologiques du savon au lait d\u2019\u00e2nesse pour tous types de peaux<\/h2>\n<p>Le <strong>savon au lait d\u2019\u00e2nesse<\/strong> se distingue par sa capacit\u00e9 \u00e0 r\u00e9pondre aux probl\u00e9matiques du quotidien et \u00e0 apporter douceur et <strong>hydratation<\/strong> aux <strong>peaux<\/strong> les plus vuln\u00e9rables. Sa mousse l\u00e9g\u00e8re, son effet apaisant et son confort apr\u00e8s rin\u00e7age ont s\u00e9duit une large communaut\u00e9, qui y trouve une solution contre l\u2019irritation, la s\u00e9cheresse et certains d\u00e9sordres cutan\u00e9s.<\/p>\n<ul>\n<li>Hydratation optimale sans agitation ni rougeurs.<\/li>\n<li>Effet r\u00e9parateur manifeste sur l\u2019ecz\u00e9ma, le psoriasis et l\u2019acn\u00e9.<\/li>\n<li>Qualit\u00e9 <strong>anti-\u00e2ge<\/strong>, nettoyant et purifiant tout en respectant l\u2019\u00e9quilibre du s\u00e9bum.<\/li>\n<\/ul>\n<h3>Hydratation et nutrition adapt\u00e9es aux peaux sensibles et s\u00e8ches<\/h3>\n<p>Gr\u00e2ce \u00e0 sa concentration en acides gras et <strong>vitamines<\/strong>, le <strong>savon au lait d\u2019\u00e2nesse<\/strong> favorise une <strong>hydratation<\/strong> continue sans effet de tiraillement ni r\u00e9action allergique. Les <strong>peaux sensibles<\/strong> et s\u00e8ches b\u00e9n\u00e9ficient d\u2019une barri\u00e8re protectrice naturelle, \u00e9vitant la d\u00e9shydratation ou la perte de souplesse. Nombre d\u2019utilisateurs t\u00e9moignent d\u2019une sensation de confort et d\u2019une nette am\u00e9lioration de la texture cutan\u00e9e d\u00e8s la premi\u00e8re semaine d\u2019usage.<\/p>\n<p>Illustrons par l\u2019exemple de Jeanne, jeune maman parisienne, qui alterne entre la pollution citadine et le stress : l\u2019usage quotidien du savon au lait d\u2019\u00e2nesse lui a permis de r\u00e9duire rougeurs, stries et sensations d\u2019inconfort au fil du temps, faisant de ce soin un indispensable de sa salle de bain minimaliste.<\/p>\n<h3>Effets apaisants sur ecz\u00e9ma, psoriasis, acn\u00e9 et inflammations<\/h3>\n<p>Face aux troubles cutan\u00e9s tels que l\u2019<strong>ecz\u00e9ma<\/strong>, le <strong>psoriasis<\/strong> ou l\u2019<strong>acn\u00e9<\/strong>, ce savon se d\u00e9marque par son effet calmant imm\u00e9diat. Il aide \u00e0 att\u00e9nuer les d\u00e9mangeaisons, \u00e0 apaiser les zones enflamm\u00e9es, tout en accompagnant le processus naturel de r\u00e9paration cellulaire.<\/p>\n<table>\n<tbody>\n<tr>\n<th>Probl\u00e8me cutan\u00e9<\/th>\n<th>Action du lait d\u2019\u00e2nesse<\/th>\n<th>Impact sur la peau<\/th>\n<\/tr>\n<tr>\n<td>Ecz\u00e9ma<\/td>\n<td>Hydrate &amp; calme l\u2019irritation<\/td>\n<td>R\u00e9duit les rougeurs &amp; inconfort<\/td>\n<\/tr>\n<tr>\n<td>Psoriasis<\/td>\n<td>Limite la desquamation, apporte souplesse<\/td>\n<td>Diminue les plaques et sensations de br\u00fblure<\/td>\n<\/tr>\n<tr>\n<td>Acn\u00e9<\/td>\n<td>Purifie &amp; r\u00e9gule le s\u00e9bum<\/td>\n<td>Favorise un teint uniforme, assainit<\/td>\n<\/tr>\n<\/tbody>\n<\/table>\n<p>Les adeptes du <strong>bio<\/strong> privil\u00e9gient ce soin pour sa capacit\u00e9 \u00e0 cicatriser plus vite, avec un minimum d\u2019irritation secondaire, en comparaison aux solutions conventionnelles. Sa texture cr\u00e9meuse accompagne le rituel, procurant \u00e0 chaque lavage un moment de bien-\u00eatre profond.<\/p>\n<h3>Action anti-\u00e2ge douce et r\u00e9g\u00e9n\u00e9ration cellulaire<\/h3>\n<p>D\u00e8s le premier contact, on note que le <strong>savon au lait d\u2019\u00e2nesse<\/strong> exerce une action <strong>anti-\u00e2ge<\/strong> discr\u00e8te mais persistante : il favorise la stimulation des fibroblastes \u2013 cellules responsables de la fermet\u00e9 \u2013, contribuant ainsi au lissage des micro-ridules et au maintien de l\u2019\u00e9lasticit\u00e9 naturelle. Les <strong>antioxydants<\/strong> pr\u00e9sents ralentissent l\u2019apparition des signes de l\u2019\u00e2ge. Ce savon nourrit et prot\u00e8ge la <strong>peau<\/strong> contre le rel\u00e2chement, la perte de tonicit\u00e9 ou le teint terne.<\/p>\n<p>L\u2019utilisation r\u00e9guli\u00e8re s\u2019inscrit pleinement dans une d\u00e9marche de pr\u00e9vention, parfaite pour toute routine <strong>naturelle<\/strong> et durable.<\/p>\n<h3>Nettoyage purifiant respectant l\u2019\u00e9quilibre naturel du s\u00e9bum<\/h3>\n<p>Contrairement \u00e0 de nombreux produits industriels, le savon au lait d\u2019\u00e2nesse agit sans exc\u00e8s de d\u00e9capage : il \u00e9limine cellules mortes, poussi\u00e8res et impuret\u00e9s tout en respectant le film hydrolipidique. Ce <strong>nettoyant<\/strong> d\u00e9licat ne g\u00e9n\u00e8re aucune sensation de s\u00e9cheresse, ni de r\u00e9activit\u00e9 accrue, offrant un teint purifi\u00e9 d\u2019apparence saine. Adopter ce savon, c\u2019est garantir \u00e0 sa <strong>peau<\/strong> un rituel qui conjugue sourire du miroir et vrai respect du vivant.<\/p>\n<h2>Conseils d\u2019utilisation optimale du savon au lait d\u2019\u00e2nesse pour le visage et le corps<\/h2>\n<p>Obtenir le meilleur du <strong>savon au lait d\u2019\u00e2nesse<\/strong> exige quelques gestes simples mais d\u00e9terminants, adapt\u00e9s selon le type de <strong>peau<\/strong>, la zone trait\u00e9e et la sensibilit\u00e9 individuelle. Le plaisir d\u2019utilisation doit s\u2019allier \u00e0 la justesse du protocole pour pr\u00e9server toutes les <strong>propri\u00e9t\u00e9s<\/strong> naturelles du soin.<\/p>\n<ul>\n<li>Adopter une fr\u00e9quence de lavage personnalis\u00e9e, selon les besoins.<\/li>\n<li>Pr\u00e9f\u00e9rer l\u2019eau ti\u00e8de et \u00e9viter tout choc thermique.<\/li>\n<li>Appliquer occasionnellement sur les cheveux fins ou fragilis\u00e9s pour un effet adoucissant.<\/li>\n<\/ul>\n<h3>Fr\u00e9quence adapt\u00e9e selon type de peau et zone du corps<\/h3>\n<p>Les <strong>peaux sensibles<\/strong> profitent d\u2019un usage quotidien, limit\u00e9 \u00e0 une fois par jour sur le visage, et de pr\u00e9f\u00e9rence le soir pour \u00e9liminer les impuret\u00e9s accumul\u00e9es. Les <strong>peaux<\/strong> plus r\u00e9sistantes ou normales peuvent doubler la fr\u00e9quence sans risque d\u2019irritation. Sur le corps, la mousse g\u00e9n\u00e9reuse enveloppe l\u2019\u00e9piderme et permet un nettoyage uniforme, m\u00eame en cas de s\u00e9cheresse ou de zones ab\u00eem\u00e9es. Aux saisons froides, il est judicieux d\u2019espacer l\u2019utilisation pour pr\u00e9server le bouclier hydrolipidique.<\/p>\n<h3>Rin\u00e7age \u00e0 l\u2019eau ti\u00e8de et pr\u00e9cautions pour \u00e9viter le dess\u00e8chement<\/h3>\n<p>Un rin\u00e7age soigneux \u00e0 l\u2019eau ti\u00e8de optimise la dissolution des agents actifs et \u00e9vite la d\u00e9shydratation de la <strong>peau<\/strong>. L\u2019eau trop chaude peut perturber le film protecteur naturel, g\u00e9n\u00e9rant s\u00e9cheresse ou inconfort. Apr\u00e8s usage, il est conseill\u00e9 de s\u00e9cher la peau par tamponnement doux, afin d\u2019\u00e9viter toute irritation secondaire, notamment sur les zones sujettes \u00e0 l\u2019<strong>ecz\u00e9ma<\/strong> ou au <strong>psoriasis<\/strong>. Ce rituel contribue \u00e0 une sensation de puret\u00e9 et de d\u00e9tente longue dur\u00e9e.<\/p>\n<h3>Usage occasionnel sur cheveux sensibles pour un soin doux<\/h3>\n<p>Le savon au lait d\u2019\u00e2nesse trouve une place de choix aupr\u00e8s des personnes aux cheveux fins, fragiles ou sensibilis\u00e9s par des soins chimiques. Utilis\u00e9 ponctuellement, sa mousse onctueuse lave le cuir chevelu sans l\u2019agresser ni provoquer d\u2019exc\u00e8s de s\u00e9bum. Ce soin d\u2019appoint compl\u00e8te id\u00e9alement une routine capillaire bio ou hypoallerg\u00e9nique, tout en simplifiant la trousse de toilette.<\/p>\n<table>\n<tbody>\n<tr>\n<th>Zone d\u2019application<\/th>\n<th>Fr\u00e9quence recommand\u00e9e<\/th>\n<th>Conseil sp\u00e9cifique<\/th>\n<\/tr>\n<tr>\n<td>Visage<\/td>\n<td>1 fois\/jour (soir)<\/td>\n<td>Limiter selon sensibilit\u00e9<\/td>\n<\/tr>\n<tr>\n<td>Corps<\/td>\n<td>1 \u00e0 2 fois\/jour<\/td>\n<td>Mousse a\u00e9r\u00e9e, rin\u00e7age abondant<\/td>\n<\/tr>\n<tr>\n<td>Cheveux<\/td>\n<td>1 fois\/semaine<\/td>\n<td>Lavage doux, bien rincer<\/td>\n<\/tr>\n<\/tbody>\n<\/table>\n<p>Adopt\u00e9e par des utilisateurs soucieux du bien-\u00eatre animal et de l\u2019environnement, cette polyvalence fait du savon au lait d\u2019\u00e2nesse l\u2019alli\u00e9 central d\u2019une hygi\u00e8ne moderne, naturelle et efficace.<\/p>\n<h2>Crit\u00e8res essentiels pour choisir un savon au lait d\u2019\u00e2nesse efficace et naturel<\/h2>\n<p>Le choix d\u2019un <strong>savon au lait d\u2019\u00e2nesse<\/strong> v\u00e9ritablement efficace ne saurait se r\u00e9sumer \u00e0 la mention \u201cnaturel\u201d. Plusieurs crit\u00e8res techniques et \u00e9thiques sont fondamentaux pour garantir tant les r\u00e9sultats que la s\u00e9curit\u00e9. Se diriger vers un produit <strong>bio<\/strong>, <strong>artisanale<\/strong>, sans <strong>additifs<\/strong>, et local, assure une exp\u00e9rience sensorielle et responsable.<\/p>\n<ul>\n<li>Teneur r\u00e9elle en lait d\u2019\u00e2nesse.<\/li>\n<li>Absence d\u2019additifs chimiques, parfums ou colorants synth\u00e9tiques.<\/li>\n<li>Pr\u00e9f\u00e9rence pour les m\u00e9thodes \u00e0 froid et une provenance transparente.<\/li>\n<\/ul>\n<h3>Teneur en lait d\u2019\u00e2nesse minimale pour garantir l\u2019efficacit\u00e9<\/h3>\n<p>La concentration de lait d\u2019\u00e2nesse dans le savon conditionne l\u2019efficacit\u00e9 du produit : un seuil de 5 \u00e0 20 % est requis pour profiter pleinement des <strong>propri\u00e9t\u00e9s<\/strong> bienfaitrices (apaisement, r\u00e9g\u00e9n\u00e9rescence, nutrition). Les produits <strong>artisanaux<\/strong> propos\u00e9s par Sauma Bio garantissent le respect de cette exigence, contrairement \u00e0 de nombreuses fabrications industrielles, souvent pauvres en lait et satur\u00e9es d\u2019ingr\u00e9dients secondaires.<\/p>\n<h3>Pr\u00e9f\u00e9rence pour les savons artisanaux, bio et sans additifs chimiques<\/h3>\n<p>Un savon au lait d\u2019\u00e2nesse v\u00e9ritable doit exclure tout <strong>additifs<\/strong> pouvant perturber l\u2019\u00e9quilibre naturel de la <strong>peau<\/strong>. Les gammes <strong>bio<\/strong> et artisanales (notamment celles de <a target=\"_blank\" href=\"https:\/\/sauma.bio\/cosmetiques-lait-anesse\/\" rel=\"noopener\">cosm\u00e9tiques au lait d&rsquo;\u00e2nesse<\/a> Sauma) r\u00e9pondent \u00e0 cette exigence d\u2019innocuit\u00e9 : aucun parfum, colorant ou conservateur synth\u00e9tique n\u2019est tol\u00e9r\u00e9. Ce choix maximise la tol\u00e9rance cutan\u00e9e et magnifie la sensorialit\u00e9 du produit, de la mousse \u00e0 l\u2019odeur discr\u00e8te et douce.<\/p>\n<h3>M\u00e9thodes artisanales \u00e0 froid et origine locale pour qualit\u00e9 et \u00e9thique<\/h3>\n<p>La saponification \u00e0 froid permet de pr\u00e9senter un savon vivant, o\u00f9 chaque composant \u2013 du lait aux huiles v\u00e9g\u00e9tales \u2013 conserve sa structure d\u2019origine et donc son efficacit\u00e9. Privil\u00e9gier les productions locales, comme celles issues de l\u2019atelier Sauma Bio, c\u2019est \u00e9galement soutenir les circuits courts, la tra\u00e7abilit\u00e9 compl\u00e8te des ingr\u00e9dients, et une d\u00e9marche o\u00f9 la qualit\u00e9 constante prime sur la quantit\u00e9.<\/p>\n<h4>Avantages \u00e9cologiques et \u00e9thiques d\u2019une production locale<\/h4>\n<p>Produire localement, c\u2019est r\u00e9duire drastiquement l\u2019empreinte carbone, veiller au bien-\u00eatre animal et garantir une r\u00e9mun\u00e9ration juste \u00e0 chaque acteur de la fili\u00e8re. Le lait provient de fermes \u00e0 taille humaine, o\u00f9 les animaux vivent dans le respect, la durabilit\u00e9 et la pr\u00e9servation de la biodiversit\u00e9 sont des engagements concrets.<\/p>\n<table>\n<tbody>\n<tr>\n<th>Type de production<\/th>\n<th>Qualit\u00e9 du savon<\/th>\n<th>Impact environnemental<\/th>\n<th>Valeur \u00e9thique<\/th>\n<\/tr>\n<tr>\n<td>Artisanale et locale<\/td>\n<td>Excellente<\/td>\n<td>R\u00e9duction d\u00e9chets + trace carbone minime<\/td>\n<td>Respect animal &amp; humain<\/td>\n<\/tr>\n<tr>\n<td>Industrielle<\/td>\n<td>Variable, peu de lait<\/td>\n<td>Transport, pollution, surconsommation<\/td>\n<td>Souvent d\u00e9grad\u00e9e<\/td>\n<\/tr>\n<\/tbody>\n<\/table>\n<h3>Risques li\u00e9s aux savons industriels avec faible teneur en lait<\/h3>\n<p>Les savons au lait d\u2019\u00e2nesse issus de l\u2019industrie pr\u00e9sentent, h\u00e9las, une teneur en lait tr\u00e8s faible et une surabondance de composants synth\u00e9tiques : colorants, agents moussants agressifs, conservateurs. Outre le manque d\u2019efficacit\u00e9, ils risquent de provoquer inconfort, s\u00e9cheresse, ou r\u00e9actions cutan\u00e9es, notamment chez les profils sensibles ou allergiques. Opter pour une alternative <strong>bio<\/strong> et transparente s\u2019av\u00e8re donc essentiel pour toute qu\u00eate de soin authentique et respectueux.<\/p>\n<h2>Pr\u00e9cautions d\u2019usage et limites du savon au lait d\u2019\u00e2nesse en cosm\u00e9tique<\/h2>\n<p>Si le <strong>savon au lait d\u2019\u00e2nesse<\/strong> demeure un atout dans la routine beaut\u00e9 quotidienne, il n\u2019en reste pas moins soumis \u00e0 quelques pr\u00e9cautions d\u2019usage et limites inh\u00e9rentes \u00e0 sa naturalit\u00e9. L\u2019objectif est d\u2019en optimiser les effets tout en \u00e9vitant quelques \u00e9cueils, afin de pr\u00e9server tant le confort que la sant\u00e9 de la <strong>peau<\/strong>.<\/p>\n<ul>\n<li>Test cutan\u00e9 avant premi\u00e8re utilisation, surtout pour les terrains allergiques.<\/li>\n<li>Mod\u00e9ration sur peaux tr\u00e8s grasses.<\/li>\n<li>Int\u00e9gration dans une routine globale, sans rechercher la solution miracle.<\/li>\n<\/ul>\n<h3>N\u00e9cessit\u00e9 d\u2019un test d\u2019allergie pour peaux sensibles ou allergiques<\/h3>\n<p>La naturalit\u00e9 du <strong>savon au lait d\u2019\u00e2nesse<\/strong> ne gomme pas les risques pharmacologiques : il peut contenir des traces de prot\u00e9ines ou d\u2019enzymes susceptibles de d\u00e9clencher une r\u00e9action. Un test \u00e9picutan\u00e9 sur une petite zone est recommand\u00e9, particuli\u00e8rement pour les sujets pr\u00e9sentant des ant\u00e9c\u00e9dents d\u2019allergie au lait ou aux d\u00e9riv\u00e9s animaux.<\/p>\n<h3>Mod\u00e9ration pour les peaux tr\u00e8s grasses afin d\u2019\u00e9viter exc\u00e8s de s\u00e9bum<\/h3>\n<p>Bien que doux, ce savon peut, utilis\u00e9 trop fr\u00e9quemment sur peaux tr\u00e8s grasses, catalyser une surproduction de s\u00e9bum en r\u00e9action. Il est alors conseill\u00e9 d\u2019espacer les applications et de privil\u00e9gier un suivi dermatologique compl\u00e9mentaire pour les profils \u00e0 tendance acn\u00e9ique prononc\u00e9e.<\/p>\n<h3>Int\u00e9gration du savon dans une routine \u00e9quilibr\u00e9e, au-del\u00e0 de ses vertus anti-\u00e2ge<\/h3>\n<p>S\u2019il constitue un pilier efficace, le savon au lait d\u2019\u00e2nesse ne saurait suffire \u00e0 couvrir l\u2019int\u00e9gralit\u00e9 des besoins cutan\u00e9s. Il s\u2019int\u00e8gre id\u00e9alement dans une routine compl\u00e8te : hydratants, s\u00e9rums et soins sp\u00e9cifiques peuvent y trouver leur place, pour une action globale anti-\u00e2ge ou r\u00e9paratrice. Cette approche raisonn\u00e9e garantit un \u00e9quilibre durable entre plaisir, efficacit\u00e9 et prudence au quotidien.<\/p>\n<h2>Valeurs \u00e9thiques et environnementales du savon naturel au lait d\u2019\u00e2nesse<\/h2>\n<p>Le retour vers le <strong>savon au lait d\u2019\u00e2nesse<\/strong> marque l\u2019affirmation d\u2019une double exigence : qualit\u00e9 dermatologique et responsabilit\u00e9 collective. Les choix bio, artisanaux et locaux incarnent une volont\u00e9 r\u00e9elle de r\u00e9pondre aux enjeux \u00e9cologiques, \u00e9thiques et sensoriels contemporains.<\/p>\n<ul>\n<li>Protection du bien-\u00eatre animal, agriculture raisonn\u00e9e.<\/li>\n<li>Biodiversit\u00e9 pr\u00e9serv\u00e9e : p\u00e2turages, \u00e9levages responsables.<\/li>\n<li>D\u00e9marche z\u00e9ro d\u00e9chet (emballages compostables ou r\u00e9utilisables).<\/li>\n<li>Trace carbone minimale gr\u00e2ce \u00e0 la production locale.<\/li>\n<li>Image renforc\u00e9e d\u2019authenticit\u00e9 et de transparence des soins naturels.<\/li>\n<\/ul>\n<h3>Protection animale et pr\u00e9servation de la biodiversit\u00e9 dans la production<\/h3>\n<p>Chez Sauma Bio, l\u2019attention port\u00e9e aux animaux fait partie int\u00e9grante du processus : les \u00e2nesses vivent en libert\u00e9 ou semi-libert\u00e9, assurant leur s\u00e9r\u00e9nit\u00e9. Ceci se traduit par un lait pur, exempt de stress m\u00e9tabolique, et par une approche responsable du m\u00e9tier d\u2019\u00e9leveur. La biodiversit\u00e9 y trouve, elle aussi, sa place, car l\u2019\u00e9levage respecte l\u2019environnement et privil\u00e9gie la polyculture biologique autour des p\u00e2turages.<\/p>\n<h3>R\u00e9duction des d\u00e9chets, empreinte carbone et d\u00e9marche responsable<\/h3>\n<p>L\u2019un des atouts majeurs du <strong>savon au lait d\u2019\u00e2nesse<\/strong> bio r\u00e9side dans sa capacit\u00e9 \u00e0 s\u2019ins\u00e9rer dans une logique z\u00e9ro-d\u00e9chet. Emballage papier, compostage ou recyclage, circuits ultra courts : chaque geste vise \u00e0 minimiser la trace laiss\u00e9e sur la plan\u00e8te. L\u2019achat local, en circuit court, r\u00e9duit drastiquement le transport, perfectionnant ainsi le bilan carbone du soin.<\/p>\n<h3>Qualit\u00e9 et image saine renforc\u00e9es par un choix \u00e9cologique<\/h3>\n<p>Adopter un savon au lait d\u2019\u00e2nesse authentique, c\u2019est choisir une image forte et saine, \u00e0 la fois pour soi et pour la soci\u00e9t\u00e9. L\u2019empreinte \u00e9cologique s\u2019att\u00e9nue, la confiance grandit, et la <strong>peau<\/strong> rayonne sous les effets d\u2019une cosm\u00e9tique naturelle coh\u00e9rente et transparente. Les retours d\u2019utilisateurs sont \u00e9loquents : moins d\u2019imperfections, moins d\u2019irritations, et un r\u00e9el plaisir d\u2019usage, en harmonie avec leurs valeurs.<\/p>\n","protected":false},"excerpt":{"rendered":"<p>En bref : Un rituel de beaut\u00e9 ancestral : le savon au lait d\u2019\u00e2nesse est utilis\u00e9 en \u00c9gypte antique et reconnu pour sa douceur naturelle. Nutrition cellulaire in\u00e9gal\u00e9e gr\u00e2ce \u00e0 un cocktail unique de vitamines, min\u00e9raux et antioxydants. Bienfaits pour toutes les peaux : hydratation des peaux sensibles, apaisement de [&hellip;]<\/p>\n","protected":false},"author":47,"featured_media":4694,"comment_status":"closed","ping_status":"open","sticky":false,"template":"","format":"standard","meta":{"_acf_changed":false,"_jetpack_memberships_contains_paid_content":false,"footnotes":""},"categories":[1],"tags":[],"class_list":["post-4693","post","type-post","status-publish","format-standard","has-post-thumbnail","hentry","category-par-defaut"],"acf":[],"aioseo_notices":[],"jetpack_featured_media_url":"https:\/\/sauma.bio\/wp-content\/uploads\/2025\/11\/bienfaits-savons-lait-anesse.jpg","aioseo_head":"\n\t\t<!-- All in One SEO Pro 4.9.6.2 - aioseo.com -->\n\t<meta name=\"description\" content=\"D\u00e9couvrez les bienfaits du savon au lait d&#039;\u00e2nesse pour une peau douce, hydrat\u00e9e et nourrie naturellement. Un soin naturel et efficace.\" \/>\n\t<meta name=\"robots\" content=\"max-snippet:-1, max-image-preview:large, max-video-preview:-1\" \/>\n\t<meta name=\"author\" content=\"emilie\"\/>\n\t<meta name=\"google-site-verification\" content=\"xPku4beK6WDWi9rkdFoifomWtYPA0UBVsrA4muNTjZM\" \/>\n\t<link rel=\"canonical\" href=\"https:\/\/sauma.bio\/les-bienfaits-du-savon-au-lait-danesse-pour-la-peau\/\" \/>\n\t<meta name=\"generator\" content=\"All in One SEO Pro (AIOSEO) 4.9.6.2\" \/>\n\n\t\t<!-- Global site tag (gtag.js) - Google Analytics -->\n<script async src=\"https:\/\/www.googletagmanager.com\/gtag\/js?id=G-095NGNVWLJ\"><\/script>\n<script>\n window.dataLayer = window.dataLayer || [];\n function gtag(){dataLayer.push(arguments);}\n gtag('js', new Date());\n\n gtag('config', 'G-095NGNVWLJ');\n<\/script>\n\t\t<meta property=\"og:locale\" content=\"fr_FR\" \/>\n\t\t<meta property=\"og:site_name\" content=\"NOWA\" \/>\n\t\t<meta property=\"og:type\" content=\"article\" \/>\n\t\t<meta property=\"og:title\" content=\"Quelles sont les bienfaits du savon au lait d\u2019\u00e2nesse ?\" \/>\n\t\t<meta property=\"og:description\" content=\"D\u00e9couvrez les bienfaits du savon au lait d&#039;\u00e2nesse pour une peau douce, hydrat\u00e9e et nourrie naturellement. Un soin naturel et efficace.\" \/>\n\t\t<meta property=\"og:url\" content=\"https:\/\/sauma.bio\/les-bienfaits-du-savon-au-lait-danesse-pour-la-peau\/\" \/>\n\t\t<meta property=\"og:image\" content=\"https:\/\/sauma.bio\/wp-content\/uploads\/2025\/11\/bienfaits-savons-lait-anesse.jpg\" \/>\n\t\t<meta property=\"og:image:secure_url\" content=\"https:\/\/sauma.bio\/wp-content\/uploads\/2025\/11\/bienfaits-savons-lait-anesse.jpg\" \/>\n\t\t<meta property=\"og:image:width\" content=\"500\" \/>\n\t\t<meta property=\"og:image:height\" content=\"300\" \/>\n\t\t<meta property=\"article:published_time\" content=\"2025-11-17T14:17:10+00:00\" \/>\n\t\t<meta property=\"article:modified_time\" content=\"2025-11-17T14:17:55+00:00\" \/>\n\t\t<meta property=\"article:publisher\" content=\"https:\/\/www.facebook.com\/asineriedelescun#\" \/>\n\t\t<meta name=\"twitter:card\" content=\"summary\" \/>\n\t\t<meta name=\"twitter:title\" content=\"Quelles sont les bienfaits du savon au lait d\u2019\u00e2nesse ?\" \/>\n\t\t<meta name=\"twitter:description\" content=\"D\u00e9couvrez les bienfaits du savon au lait d&#039;\u00e2nesse pour une peau douce, hydrat\u00e9e et nourrie naturellement. Un soin naturel et efficace.\" \/>\n\t\t<meta name=\"twitter:image\" content=\"https:\/\/sauma.bio\/wp-content\/uploads\/2025\/11\/bienfaits-savons-lait-anesse.jpg\" \/>\n\t\t<script type=\"application\/ld+json\" class=\"aioseo-schema\">\n\t\t\t{\"@context\":\"https:\\\/\\\/schema.org\",\"@graph\":[{\"@type\":\"Article\",\"@id\":\"https:\\\/\\\/sauma.bio\\\/les-bienfaits-du-savon-au-lait-danesse-pour-la-peau\\\/#article\",\"name\":\"Quelles sont les bienfaits du savon au lait d\\u2019\\u00e2nesse ?\",\"headline\":\"Les multiples bienfaits du savon au lait d&rsquo;\\u00e2nesse pour la peau\",\"author\":{\"@id\":\"https:\\\/\\\/sauma.bio\\\/author\\\/emilie\\\/#author\"},\"publisher\":{\"@id\":\"https:\\\/\\\/sauma.bio\\\/#organization\"},\"image\":{\"@type\":\"ImageObject\",\"url\":\"https:\\\/\\\/sauma.bio\\\/wp-content\\\/uploads\\\/2025\\\/11\\\/bienfaits-savons-lait-anesse.jpg\",\"width\":500,\"height\":300},\"datePublished\":\"2025-11-17T15:17:10+01:00\",\"dateModified\":\"2025-11-17T15:17:55+01:00\",\"inLanguage\":\"fr-FR\",\"mainEntityOfPage\":{\"@id\":\"https:\\\/\\\/sauma.bio\\\/les-bienfaits-du-savon-au-lait-danesse-pour-la-peau\\\/#webpage\"},\"isPartOf\":{\"@id\":\"https:\\\/\\\/sauma.bio\\\/les-bienfaits-du-savon-au-lait-danesse-pour-la-peau\\\/#webpage\"},\"articleSection\":\"Par d\\u00e9faut\"},{\"@type\":\"BreadcrumbList\",\"@id\":\"https:\\\/\\\/sauma.bio\\\/les-bienfaits-du-savon-au-lait-danesse-pour-la-peau\\\/#breadcrumblist\",\"itemListElement\":[{\"@type\":\"ListItem\",\"@id\":\"https:\\\/\\\/sauma.bio#listItem\",\"position\":1,\"name\":\"Home\",\"item\":\"https:\\\/\\\/sauma.bio\",\"nextItem\":{\"@type\":\"ListItem\",\"@id\":\"https:\\\/\\\/sauma.bio\\\/category\\\/par-defaut\\\/#listItem\",\"name\":\"Par d\\u00e9faut\"}},{\"@type\":\"ListItem\",\"@id\":\"https:\\\/\\\/sauma.bio\\\/category\\\/par-defaut\\\/#listItem\",\"position\":2,\"name\":\"Par d\\u00e9faut\",\"item\":\"https:\\\/\\\/sauma.bio\\\/category\\\/par-defaut\\\/\",\"nextItem\":{\"@type\":\"ListItem\",\"@id\":\"https:\\\/\\\/sauma.bio\\\/les-bienfaits-du-savon-au-lait-danesse-pour-la-peau\\\/#listItem\",\"name\":\"Les multiples bienfaits du savon au lait d&rsquo;\\u00e2nesse pour la peau\"},\"previousItem\":{\"@type\":\"ListItem\",\"@id\":\"https:\\\/\\\/sauma.bio#listItem\",\"name\":\"Home\"}},{\"@type\":\"ListItem\",\"@id\":\"https:\\\/\\\/sauma.bio\\\/les-bienfaits-du-savon-au-lait-danesse-pour-la-peau\\\/#listItem\",\"position\":3,\"name\":\"Les multiples bienfaits du savon au lait d&rsquo;\\u00e2nesse pour la peau\",\"previousItem\":{\"@type\":\"ListItem\",\"@id\":\"https:\\\/\\\/sauma.bio\\\/category\\\/par-defaut\\\/#listItem\",\"name\":\"Par d\\u00e9faut\"}}]},{\"@type\":\"Organization\",\"@id\":\"https:\\\/\\\/sauma.bio\\\/#organization\",\"name\":\"Sauma Cosm\\u00e9tiques au lait d\\u2019\\u00e2nesse bio\",\"description\":\"Sauma est avant tout notre asinerie sans laquelle ce projet n\\u2019aurait pas pu voir le jour. Nous mettons un point d\\u2019honneur \\u00e0 vous proposer des produits de qualit\\u00e9, enti\\u00e8rement fabriqu\\u00e9s en France dans le Sud-Ouest par une savonni\\u00e8re qualifi\\u00e9e.\",\"url\":\"https:\\\/\\\/sauma.bio\\\/\",\"telephone\":\"+33785255438\",\"logo\":{\"@type\":\"ImageObject\",\"url\":\"https:\\\/\\\/sauma.bio\\\/wp-content\\\/uploads\\\/2020\\\/02\\\/logof.png\",\"@id\":\"https:\\\/\\\/sauma.bio\\\/les-bienfaits-du-savon-au-lait-danesse-pour-la-peau\\\/#organizationLogo\",\"width\":239,\"height\":131},\"image\":{\"@id\":\"https:\\\/\\\/sauma.bio\\\/les-bienfaits-du-savon-au-lait-danesse-pour-la-peau\\\/#organizationLogo\"},\"sameAs\":[\"https:\\\/\\\/www.instagram.com\\\/asinerie_lescun\\\/\"]},{\"@type\":\"Person\",\"@id\":\"https:\\\/\\\/sauma.bio\\\/author\\\/emilie\\\/#author\",\"url\":\"https:\\\/\\\/sauma.bio\\\/author\\\/emilie\\\/\",\"name\":\"emilie\",\"image\":{\"@type\":\"ImageObject\",\"url\":\"https:\\\/\\\/secure.gravatar.com\\\/avatar\\\/d5c1bc19272aeed40e182c63f7e3b654870a59d5fcafcb0a01a52bf2221c9bab?s=96&d=mm&r=g\"}},{\"@type\":\"WebPage\",\"@id\":\"https:\\\/\\\/sauma.bio\\\/les-bienfaits-du-savon-au-lait-danesse-pour-la-peau\\\/#webpage\",\"url\":\"https:\\\/\\\/sauma.bio\\\/les-bienfaits-du-savon-au-lait-danesse-pour-la-peau\\\/\",\"name\":\"Quelles sont les bienfaits du savon au lait d\\u2019\\u00e2nesse ?\",\"description\":\"D\\u00e9couvrez les bienfaits du savon au lait d'\\u00e2nesse pour une peau douce, hydrat\\u00e9e et nourrie naturellement. Un soin naturel et efficace.\",\"inLanguage\":\"fr-FR\",\"isPartOf\":{\"@id\":\"https:\\\/\\\/sauma.bio\\\/#website\"},\"breadcrumb\":{\"@id\":\"https:\\\/\\\/sauma.bio\\\/les-bienfaits-du-savon-au-lait-danesse-pour-la-peau\\\/#breadcrumblist\"},\"author\":{\"@id\":\"https:\\\/\\\/sauma.bio\\\/author\\\/emilie\\\/#author\"},\"creator\":{\"@id\":\"https:\\\/\\\/sauma.bio\\\/author\\\/emilie\\\/#author\"},\"image\":{\"@type\":\"ImageObject\",\"url\":\"https:\\\/\\\/sauma.bio\\\/wp-content\\\/uploads\\\/2025\\\/11\\\/bienfaits-savons-lait-anesse.jpg\",\"@id\":\"https:\\\/\\\/sauma.bio\\\/les-bienfaits-du-savon-au-lait-danesse-pour-la-peau\\\/#mainImage\",\"width\":500,\"height\":300},\"primaryImageOfPage\":{\"@id\":\"https:\\\/\\\/sauma.bio\\\/les-bienfaits-du-savon-au-lait-danesse-pour-la-peau\\\/#mainImage\"},\"datePublished\":\"2025-11-17T15:17:10+01:00\",\"dateModified\":\"2025-11-17T15:17:55+01:00\"},{\"@type\":\"WebSite\",\"@id\":\"https:\\\/\\\/sauma.bio\\\/#website\",\"url\":\"https:\\\/\\\/sauma.bio\\\/\",\"name\":\"SAUMA BIO\",\"description\":\"SAUMA BIO\",\"inLanguage\":\"fr-FR\",\"publisher\":{\"@id\":\"https:\\\/\\\/sauma.bio\\\/#organization\"}}]}\n\t\t<\/script>\n\t\t<!-- All in One SEO Pro -->\r\n\t\t<title>Quelles sont les bienfaits du savon au lait d\u2019\u00e2nesse ?<\/title>\n\n","aioseo_head_json":{"title":"Quelles sont les bienfaits du savon au lait d\u2019\u00e2nesse ?","description":"D\u00e9couvrez les bienfaits du savon au lait d'\u00e2nesse pour une peau douce, hydrat\u00e9e et nourrie naturellement. Un soin naturel et efficace.","canonical_url":"https:\/\/sauma.bio\/les-bienfaits-du-savon-au-lait-danesse-pour-la-peau\/","robots":"max-snippet:-1, max-image-preview:large, max-video-preview:-1","keywords":"","webmasterTools":{"google-site-verification":"xPku4beK6WDWi9rkdFoifomWtYPA0UBVsrA4muNTjZM","miscellaneous":"&lt;!-- Global site tag (gtag.js) - Google Analytics --&gt;\n&lt;script async src=\"https:\/\/www.googletagmanager.com\/gtag\/js?id=G-095NGNVWLJ\"&gt;&lt;\/script&gt;\n&lt;script&gt;\n window.dataLayer = window.dataLayer || [];\n function gtag(){dataLayer.push(arguments);}\n gtag('js', new Date());\n\n gtag('config', 'G-095NGNVWLJ');\n&lt;\/script&gt;"},"schema":{"@context":"https:\/\/schema.org","@graph":[{"@type":"Article","@id":"https:\/\/sauma.bio\/les-bienfaits-du-savon-au-lait-danesse-pour-la-peau\/#article","name":"Quelles sont les bienfaits du savon au lait d\u2019\u00e2nesse ?","headline":"Les multiples bienfaits du savon au lait d&rsquo;\u00e2nesse pour la peau","author":{"@id":"https:\/\/sauma.bio\/author\/emilie\/#author"},"publisher":{"@id":"https:\/\/sauma.bio\/#organization"},"image":{"@type":"ImageObject","url":"https:\/\/sauma.bio\/wp-content\/uploads\/2025\/11\/bienfaits-savons-lait-anesse.jpg","width":500,"height":300},"datePublished":"2025-11-17T15:17:10+01:00","dateModified":"2025-11-17T15:17:55+01:00","inLanguage":"fr-FR","mainEntityOfPage":{"@id":"https:\/\/sauma.bio\/les-bienfaits-du-savon-au-lait-danesse-pour-la-peau\/#webpage"},"isPartOf":{"@id":"https:\/\/sauma.bio\/les-bienfaits-du-savon-au-lait-danesse-pour-la-peau\/#webpage"},"articleSection":"Par d\u00e9faut"},{"@type":"BreadcrumbList","@id":"https:\/\/sauma.bio\/les-bienfaits-du-savon-au-lait-danesse-pour-la-peau\/#breadcrumblist","itemListElement":[{"@type":"ListItem","@id":"https:\/\/sauma.bio#listItem","position":1,"name":"Home","item":"https:\/\/sauma.bio","nextItem":{"@type":"ListItem","@id":"https:\/\/sauma.bio\/category\/par-defaut\/#listItem","name":"Par d\u00e9faut"}},{"@type":"ListItem","@id":"https:\/\/sauma.bio\/category\/par-defaut\/#listItem","position":2,"name":"Par d\u00e9faut","item":"https:\/\/sauma.bio\/category\/par-defaut\/","nextItem":{"@type":"ListItem","@id":"https:\/\/sauma.bio\/les-bienfaits-du-savon-au-lait-danesse-pour-la-peau\/#listItem","name":"Les multiples bienfaits du savon au lait d&rsquo;\u00e2nesse pour la peau"},"previousItem":{"@type":"ListItem","@id":"https:\/\/sauma.bio#listItem","name":"Home"}},{"@type":"ListItem","@id":"https:\/\/sauma.bio\/les-bienfaits-du-savon-au-lait-danesse-pour-la-peau\/#listItem","position":3,"name":"Les multiples bienfaits du savon au lait d&rsquo;\u00e2nesse pour la peau","previousItem":{"@type":"ListItem","@id":"https:\/\/sauma.bio\/category\/par-defaut\/#listItem","name":"Par d\u00e9faut"}}]},{"@type":"Organization","@id":"https:\/\/sauma.bio\/#organization","name":"Sauma Cosm\u00e9tiques au lait d\u2019\u00e2nesse bio","description":"Sauma est avant tout notre asinerie sans laquelle ce projet n\u2019aurait pas pu voir le jour. Nous mettons un point d\u2019honneur \u00e0 vous proposer des produits de qualit\u00e9, enti\u00e8rement fabriqu\u00e9s en France dans le Sud-Ouest par une savonni\u00e8re qualifi\u00e9e.","url":"https:\/\/sauma.bio\/","telephone":"+33785255438","logo":{"@type":"ImageObject","url":"https:\/\/sauma.bio\/wp-content\/uploads\/2020\/02\/logof.png","@id":"https:\/\/sauma.bio\/les-bienfaits-du-savon-au-lait-danesse-pour-la-peau\/#organizationLogo","width":239,"height":131},"image":{"@id":"https:\/\/sauma.bio\/les-bienfaits-du-savon-au-lait-danesse-pour-la-peau\/#organizationLogo"},"sameAs":["https:\/\/www.instagram.com\/asinerie_lescun\/"]},{"@type":"Person","@id":"https:\/\/sauma.bio\/author\/emilie\/#author","url":"https:\/\/sauma.bio\/author\/emilie\/","name":"emilie","image":{"@type":"ImageObject","url":"https:\/\/secure.gravatar.com\/avatar\/d5c1bc19272aeed40e182c63f7e3b654870a59d5fcafcb0a01a52bf2221c9bab?s=96&d=mm&r=g"}},{"@type":"WebPage","@id":"https:\/\/sauma.bio\/les-bienfaits-du-savon-au-lait-danesse-pour-la-peau\/#webpage","url":"https:\/\/sauma.bio\/les-bienfaits-du-savon-au-lait-danesse-pour-la-peau\/","name":"Quelles sont les bienfaits du savon au lait d\u2019\u00e2nesse ?","description":"D\u00e9couvrez les bienfaits du savon au lait d'\u00e2nesse pour une peau douce, hydrat\u00e9e et nourrie naturellement. Un soin naturel et efficace.","inLanguage":"fr-FR","isPartOf":{"@id":"https:\/\/sauma.bio\/#website"},"breadcrumb":{"@id":"https:\/\/sauma.bio\/les-bienfaits-du-savon-au-lait-danesse-pour-la-peau\/#breadcrumblist"},"author":{"@id":"https:\/\/sauma.bio\/author\/emilie\/#author"},"creator":{"@id":"https:\/\/sauma.bio\/author\/emilie\/#author"},"image":{"@type":"ImageObject","url":"https:\/\/sauma.bio\/wp-content\/uploads\/2025\/11\/bienfaits-savons-lait-anesse.jpg","@id":"https:\/\/sauma.bio\/les-bienfaits-du-savon-au-lait-danesse-pour-la-peau\/#mainImage","width":500,"height":300},"primaryImageOfPage":{"@id":"https:\/\/sauma.bio\/les-bienfaits-du-savon-au-lait-danesse-pour-la-peau\/#mainImage"},"datePublished":"2025-11-17T15:17:10+01:00","dateModified":"2025-11-17T15:17:55+01:00"},{"@type":"WebSite","@id":"https:\/\/sauma.bio\/#website","url":"https:\/\/sauma.bio\/","name":"SAUMA BIO","description":"SAUMA BIO","inLanguage":"fr-FR","publisher":{"@id":"https:\/\/sauma.bio\/#organization"}}]},"og:locale":"fr_FR","og:site_name":"NOWA","og:type":"article","og:title":"Quelles sont les bienfaits du savon au lait d\u2019\u00e2nesse ?","og:description":"D\u00e9couvrez les bienfaits du savon au lait d'\u00e2nesse pour une peau douce, hydrat\u00e9e et nourrie naturellement. Un soin naturel et efficace.","og:url":"https:\/\/sauma.bio\/les-bienfaits-du-savon-au-lait-danesse-pour-la-peau\/","og:image":"https:\/\/sauma.bio\/wp-content\/uploads\/2025\/11\/bienfaits-savons-lait-anesse.jpg","og:image:secure_url":"https:\/\/sauma.bio\/wp-content\/uploads\/2025\/11\/bienfaits-savons-lait-anesse.jpg","og:image:width":500,"og:image:height":300,"article:published_time":"2025-11-17T14:17:10+00:00","article:modified_time":"2025-11-17T14:17:55+00:00","article:publisher":"https:\/\/www.facebook.com\/asineriedelescun#","twitter:card":"summary","twitter:title":"Quelles sont les bienfaits du savon au lait d\u2019\u00e2nesse ?","twitter:description":"D\u00e9couvrez les bienfaits du savon au lait d'\u00e2nesse pour une peau douce, hydrat\u00e9e et nourrie naturellement. Un soin naturel et efficace.","twitter:image":"https:\/\/sauma.bio\/wp-content\/uploads\/2025\/11\/bienfaits-savons-lait-anesse.jpg"},"aioseo_meta_data":{"post_id":"4693","title":"Quelles sont les bienfaits du savon au lait d\u2019\u00e2nesse ?","description":"D\u00e9couvrez les bienfaits du savon au lait d'\u00e2nesse pour une peau douce, hydrat\u00e9e et nourrie naturellement. Un soin naturel et efficace.","keywords":null,"keyphrases":{"focus":{"keyphrase":"","score":0,"analysis":{"keyphraseInTitle":{"score":0,"maxScore":9,"error":1}}},"additional":[]},"primary_term":null,"canonical_url":null,"og_title":null,"og_description":null,"og_object_type":"default","og_image_type":"default","og_image_url":null,"og_image_width":null,"og_image_height":null,"og_image_custom_url":null,"og_image_custom_fields":null,"og_video":"","og_custom_url":null,"og_article_section":null,"og_article_tags":null,"twitter_use_og":false,"twitter_card":"default","twitter_image_type":"default","twitter_image_url":null,"twitter_image_custom_url":null,"twitter_image_custom_fields":null,"twitter_title":null,"twitter_description":null,"schema":{"blockGraphs":[],"customGraphs":[],"default":{"data":{"Article":[],"Course":[],"Dataset":[],"FAQPage":[],"Movie":[],"Person":[],"Product":[],"ProductReview":[],"Car":[],"Recipe":[],"Service":[],"SoftwareApplication":[],"WebPage":[]},"graphName":"Article","isEnabled":true},"graphs":[]},"schema_type":"default","schema_type_options":null,"pillar_content":false,"robots_default":true,"robots_noindex":false,"robots_noarchive":false,"robots_nosnippet":false,"robots_nofollow":false,"robots_noimageindex":false,"robots_noodp":false,"robots_notranslate":false,"robots_max_snippet":"-1","robots_max_videopreview":"-1","robots_max_imagepreview":"large","priority":null,"frequency":"default","location":null,"local_seo":null,"seo_analyzer_scan_date":"2025-11-17 14:30:04","breadcrumb_settings":null,"limit_modified_date":false,"reviewed_by":"0","open_ai":null,"ai":{"faqs":[],"keyPoints":[],"titles":[],"descriptions":[],"socialPosts":{"email":[],"linkedin":[],"twitter":[],"facebook":[],"instagram":[]}},"created":"2025-11-17 13:44:21","updated":"2025-11-17 14:30:04"},"aioseo_breadcrumb":"<div class=\"aioseo-breadcrumbs\"><span class=\"aioseo-breadcrumb\">\n\t<a href=\"https:\/\/sauma.bio\" title=\"Home\">Home<\/a>\n<\/span><span class=\"aioseo-breadcrumb-separator\">&raquo;<\/span><span class=\"aioseo-breadcrumb\">\n\t<a href=\"https:\/\/sauma.bio\/category\/par-defaut\/\" title=\"Par d\u00e9faut\">Par d\u00e9faut<\/a>\n<\/span><span class=\"aioseo-breadcrumb-separator\">&raquo;<\/span><span class=\"aioseo-breadcrumb\">\n\tLes multiples bienfaits du savon au lait d\u2019\u00e2nesse pour la peau\n<\/span><\/div>","aioseo_breadcrumb_json":[{"label":"Home","link":"https:\/\/sauma.bio"},{"label":"Par d\u00e9faut","link":"https:\/\/sauma.bio\/category\/par-defaut\/"},{"label":"Les multiples bienfaits du savon au lait d&rsquo;\u00e2nesse pour la peau","link":"https:\/\/sauma.bio\/les-bienfaits-du-savon-au-lait-danesse-pour-la-peau\/"}],"jetpack_sharing_enabled":true,"_links":{"self":[{"href":"https:\/\/sauma.bio\/nov-apijson\/wp\/v2\/posts\/4693","targetHints":{"allow":["GET"]}}],"collection":[{"href":"https:\/\/sauma.bio\/nov-apijson\/wp\/v2\/posts"}],"about":[{"href":"https:\/\/sauma.bio\/nov-apijson\/wp\/v2\/types\/post"}],"author":[{"embeddable":true,"href":"https:\/\/sauma.bio\/nov-apijson\/wp\/v2\/users\/47"}],"replies":[{"embeddable":true,"href":"https:\/\/sauma.bio\/nov-apijson\/wp\/v2\/comments?post=4693"}],"version-history":[{"count":1,"href":"https:\/\/sauma.bio\/nov-apijson\/wp\/v2\/posts\/4693\/revisions"}],"predecessor-version":[{"id":4695,"href":"https:\/\/sauma.bio\/nov-apijson\/wp\/v2\/posts\/4693\/revisions\/4695"}],"wp:featuredmedia":[{"embeddable":true,"href":"https:\/\/sauma.bio\/nov-apijson\/wp\/v2\/media\/4694"}],"wp:attachment":[{"href":"https:\/\/sauma.bio\/nov-apijson\/wp\/v2\/media?parent=4693"}],"wp:term":[{"taxonomy":"category","embeddable":true,"href":"https:\/\/sauma.bio\/nov-apijson\/wp\/v2\/categories?post=4693"},{"taxonomy":"post_tag","embeddable":true,"href":"https:\/\/sauma.bio\/nov-apijson\/wp\/v2\/tags?post=4693"}],"curies":[{"name":"wp","href":"https:\/\/api.w.org\/{rel}","templated":true}]}}