{"id":4677,"date":"2025-11-17T14:40:44","date_gmt":"2025-11-17T13:40:44","guid":{"rendered":"https:\/\/sauma.bio\/?p=4677"},"modified":"2025-11-17T14:43:41","modified_gmt":"2025-11-17T13:43:41","slug":"comment-choisir-entre-savon-au-lait-danesse-et-autres-savons-naturels","status":"publish","type":"post","link":"https:\/\/sauma.bio\/comment-choisir-entre-savon-au-lait-danesse-et-autres-savons-naturels\/","title":{"rendered":"Comment choisir entre savon au lait d\u2019\u00e2nesse et autres savons naturels ?"},"content":{"rendered":"<ul>\n<li><strong>Le savon au lait d\u2019\u00e2nesse<\/strong> offre une hydratation intense et s\u2019adapte parfaitement aux peaux sensibles, s\u00e8ches ou matures, \u00e9voquant la noblesse de soins royaux d\u2019antan.<\/li>\n<li><strong>Le savon au lait de ch\u00e8vre<\/strong> cible les peaux \u00e0 probl\u00e8mes, grasses ou sujettes \u00e0 l\u2019acn\u00e9, gr\u00e2ce \u00e0 ses atouts purifiants et \u00e9quilibrants issus de sa composition riche en vitamines et acides gras essentiels.<\/li>\n<li><strong>Les savons naturels<\/strong> surpassent les produits industriels par leur puret\u00e9, leurs propri\u00e9t\u00e9s apaisantes, anti-\u00e2ge et r\u00e9g\u00e9n\u00e9rantes, multipliant les utilisations en nettoyant, masque ou soin cibl\u00e9.<\/li>\n<li><strong>Choisir un savon adapt\u00e9<\/strong> exige de consid\u00e9rer la composition, la provenance et de privil\u00e9gier une d\u00e9marche artisanale, pour s\u2019assurer bien-\u00eatre, efficacit\u00e9 et respect de la peau.<\/li>\n<li><strong>L\u2019int\u00e9gration dans la routine beaut\u00e9<\/strong> repose sur la connaissance de ses besoins et l\u2019exp\u00e9rimentation personnalis\u00e9e, en misant sur la tradition et la science pour une peau naturellement \u00e9clatante.<\/li>\n<\/ul>\n<p>Contrairement aux id\u00e9es re\u00e7ues, les savons naturels pr\u00e9sentent de subtiles diff\u00e9rences selon leur composition, leur fabrication et leur histoire. L\u00e0 o\u00f9 le <strong><a target=\"_blank\" href=\"https:\/\/sauma.bio\/savon-lait-anesse\/savon-solide-lait-anesse\/\" rel=\"noopener\">savon au lait d&rsquo;\u00e2nesse <\/a><\/strong>symbolise le raffinement et la douceur ultime pour les <strong>peaux sensibles<\/strong>, le savon au lait de ch\u00e8vre se distingue par ses propri\u00e9t\u00e9s purifiantes, pl\u00e9biscit\u00e9es par ceux qui luttent contre l\u2019<strong>acn\u00e9<\/strong>, l\u2019<strong>ecz\u00e9ma<\/strong> ou les irritations. Dans cette dynamique, faire un choix r\u00e9fl\u00e9chi n\u2019est plus un luxe mais une n\u00e9cessit\u00e9, tant chaque savon a un r\u00f4le \u00e0 jouer dans la qu\u00eate d\u2019une beaut\u00e9 naturelle et d\u2019un v\u00e9ritable bien-\u00eatre cutan\u00e9.<\/p>\n<h2>Comparaison approfondie du savon au lait d\u2019\u00e2nesse et du savon au lait de ch\u00e8vre dans la gamme des savons naturels<\/h2>\n<p>Depuis la nuit des temps, le <strong>lait d\u2019\u00e2nesse<\/strong> et le <strong>lait de ch\u00e8vre<\/strong> sont consid\u00e9r\u00e9s comme des ingr\u00e9dients pr\u00e9cieux pour la fabrication de <strong>savons<\/strong> aux multiples <strong>propri\u00e9t\u00e9s<\/strong>. Cl\u00e9op\u00e2tre, reine d\u2019\u00c9gypte, prenait des bains de lait d\u2019\u00e2nesse pour pr\u00e9server l\u2019<strong>\u00e9lasticit\u00e9<\/strong> de sa <strong>peau<\/strong> et retarder les signes du temps, une tradition reprise dans de nombreuses cultures au fil des si\u00e8cles. Ce patrimoine illustre l\u2019attrait pour des soins doux et respectueux, loin des formulations industrielles parfois agressives.<\/p>\n<p>La composition du <strong>savon au lait d\u2019\u00e2nesse<\/strong> repose sur une synergie naturelle entre <strong>vitamines<\/strong> (A, B, C, D, E), min\u00e9raux, <strong>prot\u00e9ines<\/strong> et oligo\u00e9l\u00e9ments qui nourrissent profond\u00e9ment l\u2019\u00e9piderme. Ce lait se d\u00e9marque par une richesse exceptionnelle en <strong>acides gras essentiels<\/strong>, en lysozyme (un agent naturellement antiseptique et anti-inflammatoire) et en acides amin\u00e9s. L\u2019ensemble conf\u00e8re \u00e0 ce savon une <strong>hydratation<\/strong> incomparable et un effet revitalisant, id\u00e9al pour apaiser les peaux s\u00e8ches, matures ou r\u00e9actives.<\/p>\n<p>\u00c0 l\u2019inverse, le <strong>savon au lait de ch\u00e8vre<\/strong> concentre \u00e9galement de nombreux atouts. Il est particuli\u00e8rement r\u00e9put\u00e9 pour sa texture cr\u00e9meuse, fr\u00e9quemment enrichie en huiles v\u00e9g\u00e9tales naturelles, qui permet un recours en soin quotidien du visage et du corps. Riche en <strong>vitamines<\/strong> (A, B6, B12, C, D, E), en <strong>acides gras essentiels<\/strong> et en acides alpha-hydroxyl\u00e9s doux, il favorise l\u2019exfoliation, l\u2019\u00e9quilibre cutan\u00e9 et la pr\u00e9vention des \u00e9ruptions, notamment pour les peaux mixtes \u00e0 grasses.<\/p>\n<p>Entre ces formules artisanales, le <strong>savon industriel<\/strong> affiche une simplification de la composition : agents nettoyants, conservateurs synth\u00e9tiques et parfums chimiques se substituent \u00e0 la richesse du lait animal et aux ingr\u00e9dients bruts. Cette diff\u00e9rence fondamentale se traduit aussi bien dans la tol\u00e9rance cutan\u00e9e \u2013 souvent moindre avec l\u2019industriel \u2013 que dans l\u2019agr\u00e9ment d\u2019utilisation, la texture ou l\u2019ar\u00f4me.<\/p>\n<table>\n<tbody>\n<tr>\n<th>Type de savon<\/th>\n<th>Ingr\u00e9dient cl\u00e9<\/th>\n<th>Vitamines\/phospholipides<\/th>\n<th>Acides gras essentiels<\/th>\n<th>Propri\u00e9t\u00e9s notables<\/th>\n<th>Public cible<\/th>\n<\/tr>\n<tr>\n<td>Savon au lait d\u2019\u00e2nesse<\/td>\n<td>Lait d\u2019\u00e2nesse, huiles v\u00e9g\u00e9tales, beurre de karit\u00e9<\/td>\n<td>Vitamines A, B, C, D, E<br \/>\nPhospholipides<\/td>\n<td>Oui (om\u00e9ga-3 et 6)<\/td>\n<td>Hydratant, apaisant, anti-\u00e2ge, nourrissant<\/td>\n<td>Peaux sensibles, s\u00e8ches, matures<\/td>\n<\/tr>\n<tr>\n<td>Savon au lait de ch\u00e8vre<\/td>\n<td>Lait de ch\u00e8vre, huiles naturelles, beurres<\/td>\n<td>Vitamines A, B6, B12, C, D, E<\/td>\n<td>Oui<\/td>\n<td>Purifiant, r\u00e9g\u00e9n\u00e9rant, anti-inflammatoire<\/td>\n<td>Peaux \u00e0 tendance grasse, acn\u00e9, ecz\u00e9ma, psoriasis<\/td>\n<\/tr>\n<tr>\n<td>Savon industriel<\/td>\n<td>Tensioactifs, parfums, additifs<\/td>\n<td>Souvent absentes<\/td>\n<td>Non ou tr\u00e8s faible<\/td>\n<td>Nettoyant, peu respectueux<\/td>\n<td>Usage g\u00e9n\u00e9raliste, non sp\u00e9cifique<\/td>\n<\/tr>\n<\/tbody>\n<\/table>\n<h3>Compositions nutritionnelles distinctes : vitamines, acides gras essentiels et bienfaits sp\u00e9cifiques<\/h3>\n<p>L\u2019aspect nutritionnel du <strong>savon<\/strong> naturel d\u00e9terminera sa capacit\u00e9 \u00e0 r\u00e9pondre \u00e0 chaque besoin cutan\u00e9. D\u2019un c\u00f4t\u00e9, le <strong>savon au lait d\u2019\u00e2nesse<\/strong> se distingue par une concentration \u00e9lev\u00e9e en <strong>vitamines<\/strong> anti-oxydantes et anti-\u00e2ge, lesquelles favorisent la r\u00e9g\u00e9n\u00e9ration cellulaire. Les <strong>acides gras essentiels<\/strong> et les prot\u00e9ines contribuent \u00e0 renforcer la barri\u00e8re naturelle de la <strong>peau<\/strong>, offrant une sensation de confort imm\u00e9diat sans tiraillement.<\/p>\n<p>De l\u2019autre, le <strong>savon au lait de ch\u00e8vre<\/strong>, de par son apport en acide lactique et exfoliants doux naturels, participe \u00e0 \u00e9liminer les impuret\u00e9s, affiner le grain de peau et pr\u00e9venir les boutons tout en maintenant une <strong>hydratation<\/strong> respectueuse de l\u2019\u00e9quilibre cutan\u00e9. Les vitamines pr\u00e9sentes jouent un r\u00f4le cl\u00e9 dans le maintien de la souplesse et de la r\u00e9sistance \u00e9pidermique.<\/p>\n<ul>\n<li><strong>Vitamine A :<\/strong> favorise la r\u00e9paration et ralentit le vieillissement cutan\u00e9 (anti-\u00e2ge).<\/li>\n<li><strong>Vitamine E :<\/strong> prot\u00e8ge contre les radicaux libres et les agressions ext\u00e9rieures.<\/li>\n<li><strong>Lysozyme :<\/strong> pr\u00e9sent dans le lait d\u2019\u00e2nesse, il offre des <strong>propri\u00e9t\u00e9s<\/strong> antiseptiques naturelles.<\/li>\n<li><strong>Acides amin\u00e9s et prot\u00e9ines :<\/strong> nourrissent et renforcent la structure de la <strong>peau<\/strong>.<\/li>\n<\/ul>\n<p>Cette polyvalence nutritionnelle fait des <strong>savons naturels<\/strong>, en particulier ceux au lait d\u2019\u00e2nesse et au lait de ch\u00e8vre, des alli\u00e9s de la beaut\u00e9 responsable et de la <strong>routine beaut\u00e9<\/strong> moderne. Un point o\u00f9 les savons industriels, pauvres en nutrientiels actifs, ne peuvent rivaliser.<\/p>\n<p><img loading=\"lazy\" decoding=\"async\" src=\"https:\/\/sauma.bio\/wp-content\/uploads\/2025\/10\/Sauma-0074-scaled-1-300x200.webp\" alt=\"savon au lait d'\u00e2nesse bienfaits\" width=\"365\" height=\"243\" class=\" wp-image-4463\" srcset=\"https:\/\/sauma.bio\/wp-content\/uploads\/2025\/10\/Sauma-0074-scaled-1-300x200.webp 300w, https:\/\/sauma.bio\/wp-content\/uploads\/2025\/10\/Sauma-0074-scaled-1-1024x683.webp 1024w, https:\/\/sauma.bio\/wp-content\/uploads\/2025\/10\/Sauma-0074-scaled-1-768x512.webp 768w, https:\/\/sauma.bio\/wp-content\/uploads\/2025\/10\/Sauma-0074-scaled-1-1536x1025.webp 1536w, https:\/\/sauma.bio\/wp-content\/uploads\/2025\/10\/Sauma-0074-scaled-1-2048x1366.webp 2048w, https:\/\/sauma.bio\/wp-content\/uploads\/2025\/10\/Sauma-0074-scaled-1-360x240.webp 360w, https:\/\/sauma.bio\/wp-content\/uploads\/2025\/10\/Sauma-0074-scaled-1-1320x881.webp 1320w, https:\/\/sauma.bio\/wp-content\/uploads\/2025\/10\/Sauma-0074-scaled-1-600x400.webp 600w\" sizes=\"auto, (max-width: 365px) 100vw, 365px\" \/><\/p>\n<h2>Avantages cibl\u00e9s des savons au lait d\u2019\u00e2nesse et au lait de ch\u00e8vre selon les types de peau<\/h2>\n<p>Rien n\u2019est plus frustrant que d\u2019employer un <strong>savon<\/strong> inadapt\u00e9, qui accentuerait rougeurs, tiraillements ou imperfections. Fort heureusement, la diff\u00e9renciation des <strong>propri\u00e9t\u00e9s<\/strong> entre le <strong>lait d\u2019\u00e2nesse<\/strong> et le <strong>lait de ch\u00e8vre<\/strong> permet de viser pr\u00e9cis\u00e9ment chaque besoin cutan\u00e9.<\/p>\n<p>Le <strong>savon au lait d\u2019\u00e2nesse<\/strong> se r\u00e9v\u00e8le irrempla\u00e7able pour les <strong>peaux sensibles<\/strong>, s\u00e8ches ou matures, gr\u00e2ce \u00e0 sa douceur royale et ses bienfaits ancestraux. Il agit comme un bouclier contre les agressions, hydrate intens\u00e9ment et lisse la surface cutan\u00e9e, procurant un effet l\u00e9ger tenseur et r\u00e9v\u00e9lant un \u00e9clat naturel. L\u2019utilisation de ce savon chez les enfants et les femmes enceintes t\u00e9moigne de sa tol\u00e9rance sup\u00e9rieure et de son absence d\u2019agents agressifs.<\/p>\n<p>De l\u2019autre c\u00f4t\u00e9, le <strong>savon au lait de ch\u00e8vre<\/strong> brille sur des (<strong>peaux<\/strong>) \u00e0 tendance grasse, sujettes \u00e0 l\u2019<strong>acn\u00e9<\/strong> ou aux troubles cutan\u00e9s comme le <strong>psoriasis<\/strong> et l\u2019<strong>ecz\u00e9ma<\/strong>. Son action purifiante, normalisatrice et son pouvoir \u00e9quilibrant font la diff\u00e9rence : le grain est affin\u00e9, les rougeurs apais\u00e9es, les d\u00e9s\u00e9quilibres mod\u00e9r\u00e9s.<\/p>\n<ul>\n<li>Le savon au lait d\u2019\u00e2nesse s\u2019impose pour : <strong>hydratation<\/strong> intense, apaisement, pr\u00e9vention du rel\u00e2chement cutan\u00e9, soin visage-corps tout en douceur.<\/li>\n<li>Le savon au lait de ch\u00e8vre sera l\u2019alli\u00e9 des peaux \u00e0 imperfections : anti-inflammatoire, normaliseur de s\u00e9bum, recommand\u00e9 en cas d\u2019<strong>ecz\u00e9ma<\/strong> ou de <strong>psoriasis<\/strong>.<\/li>\n<li>Les savons industriels apportent un nettoyage basique, mais sont d\u00e9conseill\u00e9s en cas de besoin cibl\u00e9 ou de <strong>peau<\/strong> fragilis\u00e9e.<\/li>\n<\/ul>\n<table>\n<tbody>\n<tr>\n<th>B\u00e9n\u00e9fices pour la peau<\/th>\n<th>Savon au lait d\u2019\u00e2nesse<\/th>\n<th>Savon au lait de ch\u00e8vre<\/th>\n<th>Savon industriel<\/th>\n<\/tr>\n<tr>\n<td>Apaisement des irritations<\/td>\n<td>Excellente efficacit\u00e9<\/td>\n<td>Bonne efficacit\u00e9<\/td>\n<td>Faible<\/td>\n<\/tr>\n<tr>\n<td>Effet anti-\u00e2ge<\/td>\n<td>Puissant gr\u00e2ce aux vitamines<\/td>\n<td>Correct (vitamines A, E)<\/td>\n<td>N\u00e9gligeable<\/td>\n<\/tr>\n<tr>\n<td>Lutte contre l\u2019acn\u00e9<\/td>\n<td>Correct (nettoie en douceur)<\/td>\n<td>Tr\u00e8s efficace<\/td>\n<td>Non adapt\u00e9<\/td>\n<\/tr>\n<tr>\n<td>Soins de l\u2019ecz\u00e9ma et du psoriasis<\/td>\n<td>Recommand\u00e9 pour apaiser<\/td>\n<td>Recommand\u00e9 pour purifier<\/td>\n<td>Peut aggraver<\/td>\n<\/tr>\n<tr>\n<td>Hydratation durable<\/td>\n<td>Excellente<\/td>\n<td>Bonne<\/td>\n<td>Moyenne \u00e0 faible<\/td>\n<\/tr>\n<\/tbody>\n<\/table>\n<h3>Propri\u00e9t\u00e9s apaisantes, hydratantes et purifiantes pour peaux sensibles et \u00e0 probl\u00e8mes<\/h3>\n<p>L\u2019exemple d\u2019Am\u00e9lie, jeune maman \u00e0 la <strong>peau<\/strong> r\u00e9active, illustre le succ\u00e8s du <strong>savon au lait d\u2019\u00e2nesse<\/strong> dans la r\u00e9duction des rougeurs apr\u00e8s quelques semaines d\u2019usage. Son choix a \u00e9t\u00e9 motiv\u00e9 par la pr\u00e9sence de <strong>vitamines<\/strong> r\u00e9paratrices et d\u2019agents naturels non irritants, qui lui ont permis de rendre \u00e0 sa <strong>peau<\/strong> douceur et confort.<\/p>\n<p>Charles, quant \u00e0 lui, trouve dans le savon au lait de ch\u00e8vre, enrichi en huiles essentielles de tea tree, une solution efficace contre ses pouss\u00e9es d\u2019<strong>acn\u00e9<\/strong>. Le pouvoir purifiant en profondeur de ce savon l\u2019a aid\u00e9 \u00e0 r\u00e9guler l\u2019exc\u00e8s de s\u00e9bum, tout en ne dess\u00e9chant pas la <strong>peau<\/strong>, contrairement aux savons industriels.<\/p>\n<ul>\n<li>Savon au lait d\u2019\u00e2nesse : soin quotidien visage et corps, apaisement, effet tenseur anti-\u00e2ge.<\/li>\n<li>Savon au lait de ch\u00e8vre : nettoyant cibl\u00e9 pour l\u2019exc\u00e8s de s\u00e9bum et les imperfections, masque exfoliant hebdomadaire.<\/li>\n<\/ul>\n<p>Ces exemples participent \u00e0 souligner l\u2019importance d\u2019adapter sa s\u00e9lection, \u00e0 l\u2019\u00e9coute de sa <strong>peau<\/strong> et en privil\u00e9giant les formulations sans agents agressifs. Ainsi, la <strong>routine beaut\u00e9<\/strong> se fait sur-mesure, durable et respectueuse m\u00eame des peaux les plus exigeantes.<\/p>\n<h2>Conseils d\u2019experts pour choisir et int\u00e9grer le savon au lait d\u2019\u00e2nesse ou au lait de ch\u00e8vre dans une routine cosm\u00e9tique naturelle<\/h2>\n<p>L\u2019int\u00e9gration d\u2019un <strong>savon<\/strong> naturel dans son quotidien suppose une vigilance accrue concernant la qualit\u00e9 des ingr\u00e9dients et le mode de production. Les produits issus d\u2019une savonnerie artisanale, telle que SAUMA BIO pour le<br \/>\n<a target=\"_blank\" href=\"https:\/\/sauma.bio\/savon-lait-anesse\/savon-solide-lait-anesse\/\" rel=\"noopener\">savon au lait d&rsquo;\u00e2nesse<\/a>, offrent transparence, tra\u00e7abilit\u00e9 et excellence. Ces crit\u00e8res surpassent largement ceux des produits de masse, parfois sources d\u2019irritation, et permettent de profiter de l\u2019int\u00e9gralit\u00e9 des <strong>propri\u00e9t\u00e9s<\/strong> du lait d\u2019\u00e2nesse ou de ch\u00e8vre.<\/p>\n<p><img loading=\"lazy\" decoding=\"async\" src=\"https:\/\/sauma.bio\/wp-content\/uploads\/2023\/09\/savonsolide1-300x236.jpg\" alt=\"\" width=\"300\" height=\"236\" class=\"alignnone size-medium wp-image-3583 aligncenter\" srcset=\"https:\/\/sauma.bio\/wp-content\/uploads\/2023\/09\/savonsolide1-300x236.jpg 300w, https:\/\/sauma.bio\/wp-content\/uploads\/2023\/09\/savonsolide1-600x471.jpg 600w, https:\/\/sauma.bio\/wp-content\/uploads\/2023\/09\/savonsolide1.jpg 700w\" sizes=\"auto, (max-width: 300px) 100vw, 300px\" \/><\/p>\n<p>Pour maximiser les bienfaits, il est conseill\u00e9 de privil\u00e9gier des formulations biologiques, additionn\u00e9es d\u2019huiles v\u00e9g\u00e9tales nobles (olive, coco, jojoba) ou de compl\u00e9ments naturels tels que le beurre de karit\u00e9, le miel ou l\u2019aloe vera. Cela optimise la synergie des actifs, booste l\u2019<strong>hydratation<\/strong> et pr\u00e9vient tout effet dess\u00e9chant. Tester diff\u00e9rents formats (solide, surgras, sans parfum) permet aussi d\u2019affiner son choix selon la saison, l\u2019\u00e2ge ou le ressenti de la <strong>peau<\/strong>.<\/p>\n<ul>\n<li>V\u00e9rifier l\u2019origine des ingr\u00e9dients \u2013 bio et \u00e9quitable si possible<\/li>\n<li>Lire les \u00e9tiquettes en profondeur et \u00e9viter les additifs chimiques<\/li>\n<li>Adapter le savon \u00e0 ses besoins \u00e9volutifs et tester les deux types selon l\u2019\u00e9tat de la peau<\/li>\n<li>Privil\u00e9gier les marques artisanales fran\u00e7aises reconnues pour leur savoir-faire<\/li>\n<li>Consulter les avis d\u2019utilisateurs pour juger de la tol\u00e9rance et de l\u2019efficacit\u00e9<\/li>\n<\/ul>\n<table>\n<tbody>\n<tr>\n<th>Crit\u00e8re<\/th>\n<th>Savon au lait d\u2019\u00e2nesse<\/th>\n<th>Savon au lait de ch\u00e8vre<\/th>\n<th>Savon industriel<\/th>\n<\/tr>\n<tr>\n<td>Provenance et contr\u00f4le<\/td>\n<td>Artisanat, tra\u00e7abilit\u00e9 forte<\/td>\n<td>Artisanat, bonnes garanties<\/td>\n<td>Production industrielle, tra\u00e7abilit\u00e9 faible<\/td>\n<\/tr>\n<tr>\n<td>Compatibilit\u00e9 peaux sensibles<\/td>\n<td>Excellente<\/td>\n<td>Bonne<\/td>\n<td>Souvent m\u00e9diocre<\/td>\n<\/tr>\n<tr>\n<td>Polyvalence et usages<\/td>\n<td>Soin quotidien, visage, corps, enfants<\/td>\n<td>Nettoyant cibl\u00e9, masque purifiant<\/td>\n<td>Nettoyage de base, parfumant<\/td>\n<\/tr>\n<tr>\n<td>Rapport qualit\u00e9-prix<\/td>\n<td>\u00c9lev\u00e9 (efficacit\u00e9, durabilit\u00e9)<\/td>\n<td>Bon<\/td>\n<td>Variable, faible valeur ajout\u00e9e<\/td>\n<\/tr>\n<\/tbody>\n<\/table>\n<h3>Crit\u00e8res de s\u00e9lection, marques artisanales et astuces pour une utilisation optimale<\/h3>\n<p>Pour choisir le bon <strong>savon<\/strong>, les experts recommandent d\u2019examiner la quantit\u00e9 r\u00e9elle de lait (d\u2019\u00e2nesse\/de ch\u00e8vre) utilis\u00e9e, la proportion d\u2019huiles v\u00e9g\u00e9tales naturelles, l\u2019absence de parfums synth\u00e9tiques et la mention d\u2019une certification biologique. Les labels \u201cNature &amp; Progr\u00e8s\u201d ou \u201cCosmos Organic\u201d servent ici de rep\u00e8re utile. L\u2019utilisation sous forme de soin cibl\u00e9 (masque) une \u00e0 deux fois par semaine apporte une efficacit\u00e9 renforc\u00e9e, en particulier pour les peaux \u00e0 tendance probl\u00e9matique.<\/p>\n<p>Les meilleures marques, \u00e0 l\u2019image des <strong><a target=\"_blank\" href=\"https:\/\/sauma.bio\/savon-lait-anesse\/savon-solide-lait-anesse\/\" rel=\"noopener\">savons au lait d&rsquo;\u00e2nesse<\/a> SAUMA BIO,<\/strong> garantissent l\u2019origine \u00e9thique des laits et une fabrication respectueuse des traditions. Les r\u00e9sultats ? Une <strong>peau<\/strong> qui retrouve son \u00e9quilibre, sa douceur et un \u00e9clat naturel, sans compromis sur le bien-\u00eatre ni sur les valeurs \u00e9cologiques.<\/p>\n<ul>\n<li>Alterner savon au lait d\u2019\u00e2nesse (hydratation, douceur) le matin et lait de ch\u00e8vre (purification, r\u00e9gulation) le soir.<\/li>\n<li>Appliquer en masque express (laisser poser 2-3 minutes) pour traiter en profondeur sans agresser la <strong>peau<\/strong>.<\/li>\n<li>Stocker les savons dans un porte-savon a\u00e9r\u00e9 pour optimiser leur dur\u00e9e de vie.<\/li>\n<li>Tester sur une zone sensible avant un usage sur tout le visage ou le corps.<\/li>\n<\/ul>\n<p>\u00c0 l\u2019heure o\u00f9 la <strong>routine beaut\u00e9<\/strong> se fait \u00e9cho de tradition et de modernit\u00e9, le choix avis\u00e9 entre <strong>savon au lait d\u2019\u00e2nesse<\/strong> et <strong>savon au lait de ch\u00e8vre<\/strong> permet de r\u00e9v\u00e9ler la beaut\u00e9 naturelle que chaque <strong>peau<\/strong> m\u00e9rite, jour apr\u00e8s jour.<\/p>\n","protected":false},"excerpt":{"rendered":"<p>Le savon au lait d\u2019\u00e2nesse offre une hydratation intense et s\u2019adapte parfaitement aux peaux sensibles, s\u00e8ches ou matures, \u00e9voquant la noblesse de soins royaux d\u2019antan. Le savon au lait de ch\u00e8vre cible les peaux \u00e0 probl\u00e8mes, grasses ou sujettes \u00e0 l\u2019acn\u00e9, gr\u00e2ce \u00e0 ses atouts purifiants et \u00e9quilibrants issus de [&hellip;]<\/p>\n","protected":false},"author":47,"featured_media":4679,"comment_status":"closed","ping_status":"open","sticky":false,"template":"","format":"standard","meta":{"_acf_changed":false,"_jetpack_memberships_contains_paid_content":false,"footnotes":""},"categories":[1],"tags":[],"class_list":["post-4677","post","type-post","status-publish","format-standard","has-post-thumbnail","hentry","category-par-defaut"],"acf":[],"aioseo_notices":[],"jetpack_featured_media_url":"https:\/\/sauma.bio\/wp-content\/uploads\/2025\/11\/Savon-lait-ane-ou-savon-lait-de-chevre.jpg","aioseo_head":"\n\t\t<!-- All in One SEO Pro 4.9.6.2 - aioseo.com -->\n\t<meta name=\"description\" content=\"D\u00e9couvrez comment choisir entre savon au lait d\u2019\u00e2nesse et autres savons naturels pour une peau douce, saine et respectueuse de l\u2019environnement.\" \/>\n\t<meta name=\"robots\" content=\"max-snippet:-1, max-image-preview:large, max-video-preview:-1\" \/>\n\t<meta name=\"author\" content=\"emilie\"\/>\n\t<meta name=\"google-site-verification\" content=\"xPku4beK6WDWi9rkdFoifomWtYPA0UBVsrA4muNTjZM\" \/>\n\t<link rel=\"canonical\" href=\"https:\/\/sauma.bio\/comment-choisir-entre-savon-au-lait-danesse-et-autres-savons-naturels\/\" \/>\n\t<meta name=\"generator\" content=\"All in One SEO Pro (AIOSEO) 4.9.6.2\" \/>\n\n\t\t<!-- Global site tag (gtag.js) - Google Analytics -->\n<script async src=\"https:\/\/www.googletagmanager.com\/gtag\/js?id=G-095NGNVWLJ\"><\/script>\n<script>\n window.dataLayer = window.dataLayer || [];\n function gtag(){dataLayer.push(arguments);}\n gtag('js', new Date());\n\n gtag('config', 'G-095NGNVWLJ');\n<\/script>\n\t\t<meta property=\"og:locale\" content=\"fr_FR\" \/>\n\t\t<meta property=\"og:site_name\" content=\"NOWA\" \/>\n\t\t<meta property=\"og:type\" content=\"article\" \/>\n\t\t<meta property=\"og:title\" content=\"Savon au lait d\u2019\u00e2nesse vs savons naturels : comment choisir ?\" \/>\n\t\t<meta property=\"og:description\" content=\"D\u00e9couvrez comment choisir entre savon au lait d\u2019\u00e2nesse et autres savons naturels pour une peau douce, saine et respectueuse de l\u2019environnement.\" \/>\n\t\t<meta property=\"og:url\" content=\"https:\/\/sauma.bio\/comment-choisir-entre-savon-au-lait-danesse-et-autres-savons-naturels\/\" \/>\n\t\t<meta property=\"og:image\" content=\"https:\/\/sauma.bio\/wp-content\/uploads\/2025\/11\/Savon-lait-ane-ou-savon-lait-de-chevre.jpg\" \/>\n\t\t<meta property=\"og:image:secure_url\" content=\"https:\/\/sauma.bio\/wp-content\/uploads\/2025\/11\/Savon-lait-ane-ou-savon-lait-de-chevre.jpg\" \/>\n\t\t<meta property=\"og:image:width\" content=\"500\" \/>\n\t\t<meta property=\"og:image:height\" content=\"300\" \/>\n\t\t<meta property=\"article:published_time\" content=\"2025-11-17T13:40:44+00:00\" \/>\n\t\t<meta property=\"article:modified_time\" content=\"2025-11-17T13:43:41+00:00\" \/>\n\t\t<meta property=\"article:publisher\" content=\"https:\/\/www.facebook.com\/asineriedelescun#\" \/>\n\t\t<meta name=\"twitter:card\" content=\"summary\" \/>\n\t\t<meta name=\"twitter:title\" content=\"Savon au lait d\u2019\u00e2nesse vs savons naturels : comment choisir ?\" \/>\n\t\t<meta name=\"twitter:description\" content=\"D\u00e9couvrez comment choisir entre savon au lait d\u2019\u00e2nesse et autres savons naturels pour une peau douce, saine et respectueuse de l\u2019environnement.\" \/>\n\t\t<meta name=\"twitter:image\" content=\"https:\/\/sauma.bio\/wp-content\/uploads\/2025\/11\/Savon-lait-ane-ou-savon-lait-de-chevre.jpg\" \/>\n\t\t<script type=\"application\/ld+json\" class=\"aioseo-schema\">\n\t\t\t{\"@context\":\"https:\\\/\\\/schema.org\",\"@graph\":[{\"@type\":\"Article\",\"@id\":\"https:\\\/\\\/sauma.bio\\\/comment-choisir-entre-savon-au-lait-danesse-et-autres-savons-naturels\\\/#article\",\"name\":\"Savon au lait d\\u2019\\u00e2nesse vs savons naturels : comment choisir ?\",\"headline\":\"Comment choisir entre savon au lait d\\u2019\\u00e2nesse et autres savons naturels ?\",\"author\":{\"@id\":\"https:\\\/\\\/sauma.bio\\\/author\\\/emilie\\\/#author\"},\"publisher\":{\"@id\":\"https:\\\/\\\/sauma.bio\\\/#organization\"},\"image\":{\"@type\":\"ImageObject\",\"url\":\"https:\\\/\\\/sauma.bio\\\/wp-content\\\/uploads\\\/2025\\\/11\\\/Savon-lait-ane-ou-savon-lait-de-chevre.jpg\",\"width\":500,\"height\":300},\"datePublished\":\"2025-11-17T14:40:44+01:00\",\"dateModified\":\"2025-11-17T14:43:41+01:00\",\"inLanguage\":\"fr-FR\",\"mainEntityOfPage\":{\"@id\":\"https:\\\/\\\/sauma.bio\\\/comment-choisir-entre-savon-au-lait-danesse-et-autres-savons-naturels\\\/#webpage\"},\"isPartOf\":{\"@id\":\"https:\\\/\\\/sauma.bio\\\/comment-choisir-entre-savon-au-lait-danesse-et-autres-savons-naturels\\\/#webpage\"},\"articleSection\":\"Par d\\u00e9faut\"},{\"@type\":\"BreadcrumbList\",\"@id\":\"https:\\\/\\\/sauma.bio\\\/comment-choisir-entre-savon-au-lait-danesse-et-autres-savons-naturels\\\/#breadcrumblist\",\"itemListElement\":[{\"@type\":\"ListItem\",\"@id\":\"https:\\\/\\\/sauma.bio#listItem\",\"position\":1,\"name\":\"Home\",\"item\":\"https:\\\/\\\/sauma.bio\",\"nextItem\":{\"@type\":\"ListItem\",\"@id\":\"https:\\\/\\\/sauma.bio\\\/category\\\/par-defaut\\\/#listItem\",\"name\":\"Par d\\u00e9faut\"}},{\"@type\":\"ListItem\",\"@id\":\"https:\\\/\\\/sauma.bio\\\/category\\\/par-defaut\\\/#listItem\",\"position\":2,\"name\":\"Par d\\u00e9faut\",\"item\":\"https:\\\/\\\/sauma.bio\\\/category\\\/par-defaut\\\/\",\"nextItem\":{\"@type\":\"ListItem\",\"@id\":\"https:\\\/\\\/sauma.bio\\\/comment-choisir-entre-savon-au-lait-danesse-et-autres-savons-naturels\\\/#listItem\",\"name\":\"Comment choisir entre savon au lait d\\u2019\\u00e2nesse et autres savons naturels ?\"},\"previousItem\":{\"@type\":\"ListItem\",\"@id\":\"https:\\\/\\\/sauma.bio#listItem\",\"name\":\"Home\"}},{\"@type\":\"ListItem\",\"@id\":\"https:\\\/\\\/sauma.bio\\\/comment-choisir-entre-savon-au-lait-danesse-et-autres-savons-naturels\\\/#listItem\",\"position\":3,\"name\":\"Comment choisir entre savon au lait d\\u2019\\u00e2nesse et autres savons naturels ?\",\"previousItem\":{\"@type\":\"ListItem\",\"@id\":\"https:\\\/\\\/sauma.bio\\\/category\\\/par-defaut\\\/#listItem\",\"name\":\"Par d\\u00e9faut\"}}]},{\"@type\":\"Organization\",\"@id\":\"https:\\\/\\\/sauma.bio\\\/#organization\",\"name\":\"Sauma Cosm\\u00e9tiques au lait d\\u2019\\u00e2nesse bio\",\"description\":\"Sauma est avant tout notre asinerie sans laquelle ce projet n\\u2019aurait pas pu voir le jour. Nous mettons un point d\\u2019honneur \\u00e0 vous proposer des produits de qualit\\u00e9, enti\\u00e8rement fabriqu\\u00e9s en France dans le Sud-Ouest par une savonni\\u00e8re qualifi\\u00e9e.\",\"url\":\"https:\\\/\\\/sauma.bio\\\/\",\"telephone\":\"+33785255438\",\"logo\":{\"@type\":\"ImageObject\",\"url\":\"https:\\\/\\\/sauma.bio\\\/wp-content\\\/uploads\\\/2020\\\/02\\\/logof.png\",\"@id\":\"https:\\\/\\\/sauma.bio\\\/comment-choisir-entre-savon-au-lait-danesse-et-autres-savons-naturels\\\/#organizationLogo\",\"width\":239,\"height\":131},\"image\":{\"@id\":\"https:\\\/\\\/sauma.bio\\\/comment-choisir-entre-savon-au-lait-danesse-et-autres-savons-naturels\\\/#organizationLogo\"},\"sameAs\":[\"https:\\\/\\\/www.instagram.com\\\/asinerie_lescun\\\/\"]},{\"@type\":\"Person\",\"@id\":\"https:\\\/\\\/sauma.bio\\\/author\\\/emilie\\\/#author\",\"url\":\"https:\\\/\\\/sauma.bio\\\/author\\\/emilie\\\/\",\"name\":\"emilie\",\"image\":{\"@type\":\"ImageObject\",\"url\":\"https:\\\/\\\/secure.gravatar.com\\\/avatar\\\/d5c1bc19272aeed40e182c63f7e3b654870a59d5fcafcb0a01a52bf2221c9bab?s=96&d=mm&r=g\"}},{\"@type\":\"WebPage\",\"@id\":\"https:\\\/\\\/sauma.bio\\\/comment-choisir-entre-savon-au-lait-danesse-et-autres-savons-naturels\\\/#webpage\",\"url\":\"https:\\\/\\\/sauma.bio\\\/comment-choisir-entre-savon-au-lait-danesse-et-autres-savons-naturels\\\/\",\"name\":\"Savon au lait d\\u2019\\u00e2nesse vs savons naturels : comment choisir ?\",\"description\":\"D\\u00e9couvrez comment choisir entre savon au lait d\\u2019\\u00e2nesse et autres savons naturels pour une peau douce, saine et respectueuse de l\\u2019environnement.\",\"inLanguage\":\"fr-FR\",\"isPartOf\":{\"@id\":\"https:\\\/\\\/sauma.bio\\\/#website\"},\"breadcrumb\":{\"@id\":\"https:\\\/\\\/sauma.bio\\\/comment-choisir-entre-savon-au-lait-danesse-et-autres-savons-naturels\\\/#breadcrumblist\"},\"author\":{\"@id\":\"https:\\\/\\\/sauma.bio\\\/author\\\/emilie\\\/#author\"},\"creator\":{\"@id\":\"https:\\\/\\\/sauma.bio\\\/author\\\/emilie\\\/#author\"},\"image\":{\"@type\":\"ImageObject\",\"url\":\"https:\\\/\\\/sauma.bio\\\/wp-content\\\/uploads\\\/2025\\\/11\\\/Savon-lait-ane-ou-savon-lait-de-chevre.jpg\",\"@id\":\"https:\\\/\\\/sauma.bio\\\/comment-choisir-entre-savon-au-lait-danesse-et-autres-savons-naturels\\\/#mainImage\",\"width\":500,\"height\":300},\"primaryImageOfPage\":{\"@id\":\"https:\\\/\\\/sauma.bio\\\/comment-choisir-entre-savon-au-lait-danesse-et-autres-savons-naturels\\\/#mainImage\"},\"datePublished\":\"2025-11-17T14:40:44+01:00\",\"dateModified\":\"2025-11-17T14:43:41+01:00\"},{\"@type\":\"WebSite\",\"@id\":\"https:\\\/\\\/sauma.bio\\\/#website\",\"url\":\"https:\\\/\\\/sauma.bio\\\/\",\"name\":\"SAUMA BIO\",\"description\":\"SAUMA BIO\",\"inLanguage\":\"fr-FR\",\"publisher\":{\"@id\":\"https:\\\/\\\/sauma.bio\\\/#organization\"}}]}\n\t\t<\/script>\n\t\t<!-- All in One SEO Pro -->\r\n\t\t<title>Savon au lait d\u2019\u00e2nesse vs savons naturels : comment choisir ?<\/title>\n\n","aioseo_head_json":{"title":"Savon au lait d\u2019\u00e2nesse vs savons naturels : comment choisir ?","description":"D\u00e9couvrez comment choisir entre savon au lait d\u2019\u00e2nesse et autres savons naturels pour une peau douce, saine et respectueuse de l\u2019environnement.","canonical_url":"https:\/\/sauma.bio\/comment-choisir-entre-savon-au-lait-danesse-et-autres-savons-naturels\/","robots":"max-snippet:-1, max-image-preview:large, max-video-preview:-1","keywords":"","webmasterTools":{"google-site-verification":"xPku4beK6WDWi9rkdFoifomWtYPA0UBVsrA4muNTjZM","miscellaneous":"&lt;!-- Global site tag (gtag.js) - Google Analytics --&gt;\n&lt;script async src=\"https:\/\/www.googletagmanager.com\/gtag\/js?id=G-095NGNVWLJ\"&gt;&lt;\/script&gt;\n&lt;script&gt;\n window.dataLayer = window.dataLayer || [];\n function gtag(){dataLayer.push(arguments);}\n gtag('js', new Date());\n\n gtag('config', 'G-095NGNVWLJ');\n&lt;\/script&gt;"},"schema":{"@context":"https:\/\/schema.org","@graph":[{"@type":"Article","@id":"https:\/\/sauma.bio\/comment-choisir-entre-savon-au-lait-danesse-et-autres-savons-naturels\/#article","name":"Savon au lait d\u2019\u00e2nesse vs savons naturels : comment choisir ?","headline":"Comment choisir entre savon au lait d\u2019\u00e2nesse et autres savons naturels ?","author":{"@id":"https:\/\/sauma.bio\/author\/emilie\/#author"},"publisher":{"@id":"https:\/\/sauma.bio\/#organization"},"image":{"@type":"ImageObject","url":"https:\/\/sauma.bio\/wp-content\/uploads\/2025\/11\/Savon-lait-ane-ou-savon-lait-de-chevre.jpg","width":500,"height":300},"datePublished":"2025-11-17T14:40:44+01:00","dateModified":"2025-11-17T14:43:41+01:00","inLanguage":"fr-FR","mainEntityOfPage":{"@id":"https:\/\/sauma.bio\/comment-choisir-entre-savon-au-lait-danesse-et-autres-savons-naturels\/#webpage"},"isPartOf":{"@id":"https:\/\/sauma.bio\/comment-choisir-entre-savon-au-lait-danesse-et-autres-savons-naturels\/#webpage"},"articleSection":"Par d\u00e9faut"},{"@type":"BreadcrumbList","@id":"https:\/\/sauma.bio\/comment-choisir-entre-savon-au-lait-danesse-et-autres-savons-naturels\/#breadcrumblist","itemListElement":[{"@type":"ListItem","@id":"https:\/\/sauma.bio#listItem","position":1,"name":"Home","item":"https:\/\/sauma.bio","nextItem":{"@type":"ListItem","@id":"https:\/\/sauma.bio\/category\/par-defaut\/#listItem","name":"Par d\u00e9faut"}},{"@type":"ListItem","@id":"https:\/\/sauma.bio\/category\/par-defaut\/#listItem","position":2,"name":"Par d\u00e9faut","item":"https:\/\/sauma.bio\/category\/par-defaut\/","nextItem":{"@type":"ListItem","@id":"https:\/\/sauma.bio\/comment-choisir-entre-savon-au-lait-danesse-et-autres-savons-naturels\/#listItem","name":"Comment choisir entre savon au lait d\u2019\u00e2nesse et autres savons naturels ?"},"previousItem":{"@type":"ListItem","@id":"https:\/\/sauma.bio#listItem","name":"Home"}},{"@type":"ListItem","@id":"https:\/\/sauma.bio\/comment-choisir-entre-savon-au-lait-danesse-et-autres-savons-naturels\/#listItem","position":3,"name":"Comment choisir entre savon au lait d\u2019\u00e2nesse et autres savons naturels ?","previousItem":{"@type":"ListItem","@id":"https:\/\/sauma.bio\/category\/par-defaut\/#listItem","name":"Par d\u00e9faut"}}]},{"@type":"Organization","@id":"https:\/\/sauma.bio\/#organization","name":"Sauma Cosm\u00e9tiques au lait d\u2019\u00e2nesse bio","description":"Sauma est avant tout notre asinerie sans laquelle ce projet n\u2019aurait pas pu voir le jour. Nous mettons un point d\u2019honneur \u00e0 vous proposer des produits de qualit\u00e9, enti\u00e8rement fabriqu\u00e9s en France dans le Sud-Ouest par une savonni\u00e8re qualifi\u00e9e.","url":"https:\/\/sauma.bio\/","telephone":"+33785255438","logo":{"@type":"ImageObject","url":"https:\/\/sauma.bio\/wp-content\/uploads\/2020\/02\/logof.png","@id":"https:\/\/sauma.bio\/comment-choisir-entre-savon-au-lait-danesse-et-autres-savons-naturels\/#organizationLogo","width":239,"height":131},"image":{"@id":"https:\/\/sauma.bio\/comment-choisir-entre-savon-au-lait-danesse-et-autres-savons-naturels\/#organizationLogo"},"sameAs":["https:\/\/www.instagram.com\/asinerie_lescun\/"]},{"@type":"Person","@id":"https:\/\/sauma.bio\/author\/emilie\/#author","url":"https:\/\/sauma.bio\/author\/emilie\/","name":"emilie","image":{"@type":"ImageObject","url":"https:\/\/secure.gravatar.com\/avatar\/d5c1bc19272aeed40e182c63f7e3b654870a59d5fcafcb0a01a52bf2221c9bab?s=96&d=mm&r=g"}},{"@type":"WebPage","@id":"https:\/\/sauma.bio\/comment-choisir-entre-savon-au-lait-danesse-et-autres-savons-naturels\/#webpage","url":"https:\/\/sauma.bio\/comment-choisir-entre-savon-au-lait-danesse-et-autres-savons-naturels\/","name":"Savon au lait d\u2019\u00e2nesse vs savons naturels : comment choisir ?","description":"D\u00e9couvrez comment choisir entre savon au lait d\u2019\u00e2nesse et autres savons naturels pour une peau douce, saine et respectueuse de l\u2019environnement.","inLanguage":"fr-FR","isPartOf":{"@id":"https:\/\/sauma.bio\/#website"},"breadcrumb":{"@id":"https:\/\/sauma.bio\/comment-choisir-entre-savon-au-lait-danesse-et-autres-savons-naturels\/#breadcrumblist"},"author":{"@id":"https:\/\/sauma.bio\/author\/emilie\/#author"},"creator":{"@id":"https:\/\/sauma.bio\/author\/emilie\/#author"},"image":{"@type":"ImageObject","url":"https:\/\/sauma.bio\/wp-content\/uploads\/2025\/11\/Savon-lait-ane-ou-savon-lait-de-chevre.jpg","@id":"https:\/\/sauma.bio\/comment-choisir-entre-savon-au-lait-danesse-et-autres-savons-naturels\/#mainImage","width":500,"height":300},"primaryImageOfPage":{"@id":"https:\/\/sauma.bio\/comment-choisir-entre-savon-au-lait-danesse-et-autres-savons-naturels\/#mainImage"},"datePublished":"2025-11-17T14:40:44+01:00","dateModified":"2025-11-17T14:43:41+01:00"},{"@type":"WebSite","@id":"https:\/\/sauma.bio\/#website","url":"https:\/\/sauma.bio\/","name":"SAUMA BIO","description":"SAUMA BIO","inLanguage":"fr-FR","publisher":{"@id":"https:\/\/sauma.bio\/#organization"}}]},"og:locale":"fr_FR","og:site_name":"NOWA","og:type":"article","og:title":"Savon au lait d\u2019\u00e2nesse vs savons naturels : comment choisir ?","og:description":"D\u00e9couvrez comment choisir entre savon au lait d\u2019\u00e2nesse et autres savons naturels pour une peau douce, saine et respectueuse de l\u2019environnement.","og:url":"https:\/\/sauma.bio\/comment-choisir-entre-savon-au-lait-danesse-et-autres-savons-naturels\/","og:image":"https:\/\/sauma.bio\/wp-content\/uploads\/2025\/11\/Savon-lait-ane-ou-savon-lait-de-chevre.jpg","og:image:secure_url":"https:\/\/sauma.bio\/wp-content\/uploads\/2025\/11\/Savon-lait-ane-ou-savon-lait-de-chevre.jpg","og:image:width":500,"og:image:height":300,"article:published_time":"2025-11-17T13:40:44+00:00","article:modified_time":"2025-11-17T13:43:41+00:00","article:publisher":"https:\/\/www.facebook.com\/asineriedelescun#","twitter:card":"summary","twitter:title":"Savon au lait d\u2019\u00e2nesse vs savons naturels : comment choisir ?","twitter:description":"D\u00e9couvrez comment choisir entre savon au lait d\u2019\u00e2nesse et autres savons naturels pour une peau douce, saine et respectueuse de l\u2019environnement.","twitter:image":"https:\/\/sauma.bio\/wp-content\/uploads\/2025\/11\/Savon-lait-ane-ou-savon-lait-de-chevre.jpg"},"aioseo_meta_data":{"post_id":"4677","title":"Savon au lait d\u2019\u00e2nesse vs savons naturels : comment choisir ?","description":"D\u00e9couvrez comment choisir entre savon au lait d\u2019\u00e2nesse et autres savons naturels pour une peau douce, saine et respectueuse de l\u2019environnement.","keywords":null,"keyphrases":{"focus":{"keyphrase":"","score":0,"analysis":{"keyphraseInTitle":{"score":0,"maxScore":9,"error":1}}},"additional":[]},"primary_term":null,"canonical_url":null,"og_title":null,"og_description":null,"og_object_type":"default","og_image_type":"default","og_image_url":null,"og_image_width":null,"og_image_height":null,"og_image_custom_url":null,"og_image_custom_fields":null,"og_video":"","og_custom_url":null,"og_article_section":null,"og_article_tags":null,"twitter_use_og":false,"twitter_card":"default","twitter_image_type":"default","twitter_image_url":null,"twitter_image_custom_url":null,"twitter_image_custom_fields":null,"twitter_title":null,"twitter_description":null,"schema":{"blockGraphs":[],"customGraphs":[],"default":{"data":{"Article":[],"Course":[],"Dataset":[],"FAQPage":[],"Movie":[],"Person":[],"Product":[],"ProductReview":[],"Car":[],"Recipe":[],"Service":[],"SoftwareApplication":[],"WebPage":[]},"graphName":"Article","isEnabled":true},"graphs":[]},"schema_type":"default","schema_type_options":null,"pillar_content":false,"robots_default":true,"robots_noindex":false,"robots_noarchive":false,"robots_nosnippet":false,"robots_nofollow":false,"robots_noimageindex":false,"robots_noodp":false,"robots_notranslate":false,"robots_max_snippet":"-1","robots_max_videopreview":"-1","robots_max_imagepreview":"large","priority":null,"frequency":"default","location":null,"local_seo":null,"seo_analyzer_scan_date":"2025-11-17 13:56:12","breadcrumb_settings":null,"limit_modified_date":false,"reviewed_by":"0","open_ai":null,"ai":{"faqs":[],"keyPoints":[],"titles":[],"descriptions":[],"socialPosts":{"email":[],"linkedin":[],"twitter":[],"facebook":[],"instagram":[]}},"created":"2025-11-17 12:47:05","updated":"2025-11-17 13:56:12"},"aioseo_breadcrumb":"<div class=\"aioseo-breadcrumbs\"><span class=\"aioseo-breadcrumb\">\n\t<a href=\"https:\/\/sauma.bio\" title=\"Home\">Home<\/a>\n<\/span><span class=\"aioseo-breadcrumb-separator\">&raquo;<\/span><span class=\"aioseo-breadcrumb\">\n\t<a href=\"https:\/\/sauma.bio\/category\/par-defaut\/\" title=\"Par d\u00e9faut\">Par d\u00e9faut<\/a>\n<\/span><span class=\"aioseo-breadcrumb-separator\">&raquo;<\/span><span class=\"aioseo-breadcrumb\">\n\tComment choisir entre savon au lait d\u2019\u00e2nesse et autres savons naturels ?\n<\/span><\/div>","aioseo_breadcrumb_json":[{"label":"Home","link":"https:\/\/sauma.bio"},{"label":"Par d\u00e9faut","link":"https:\/\/sauma.bio\/category\/par-defaut\/"},{"label":"Comment choisir entre savon au lait d\u2019\u00e2nesse et autres savons naturels ?","link":"https:\/\/sauma.bio\/comment-choisir-entre-savon-au-lait-danesse-et-autres-savons-naturels\/"}],"jetpack_sharing_enabled":true,"_links":{"self":[{"href":"https:\/\/sauma.bio\/nov-apijson\/wp\/v2\/posts\/4677","targetHints":{"allow":["GET"]}}],"collection":[{"href":"https:\/\/sauma.bio\/nov-apijson\/wp\/v2\/posts"}],"about":[{"href":"https:\/\/sauma.bio\/nov-apijson\/wp\/v2\/types\/post"}],"author":[{"embeddable":true,"href":"https:\/\/sauma.bio\/nov-apijson\/wp\/v2\/users\/47"}],"replies":[{"embeddable":true,"href":"https:\/\/sauma.bio\/nov-apijson\/wp\/v2\/comments?post=4677"}],"version-history":[{"count":5,"href":"https:\/\/sauma.bio\/nov-apijson\/wp\/v2\/posts\/4677\/revisions"}],"predecessor-version":[{"id":4689,"href":"https:\/\/sauma.bio\/nov-apijson\/wp\/v2\/posts\/4677\/revisions\/4689"}],"wp:featuredmedia":[{"embeddable":true,"href":"https:\/\/sauma.bio\/nov-apijson\/wp\/v2\/media\/4679"}],"wp:attachment":[{"href":"https:\/\/sauma.bio\/nov-apijson\/wp\/v2\/media?parent=4677"}],"wp:term":[{"taxonomy":"category","embeddable":true,"href":"https:\/\/sauma.bio\/nov-apijson\/wp\/v2\/categories?post=4677"},{"taxonomy":"post_tag","embeddable":true,"href":"https:\/\/sauma.bio\/nov-apijson\/wp\/v2\/tags?post=4677"}],"curies":[{"name":"wp","href":"https:\/\/api.w.org\/{rel}","templated":true}]}}